{"id":931,"date":"2017-01-18T12:09:00","date_gmt":"2017-01-18T18:09:00","guid":{"rendered":"http:\/\/www.imer.mx\/yucatanfm\/?p=931"},"modified":"2017-01-18T13:05:53","modified_gmt":"2017-01-18T19:05:53","slug":"475-aniversario-de-merida","status":"publish","type":"post","link":"https:\/\/www.imer.mx\/yucatanfm\/475-aniversario-de-merida\/","title":{"rendered":"475 Aniversario de M\u00e9rida"},"content":{"rendered":"<p>Este 2017, M\u00e9rida, la capital yucateca cumple 475 a\u00f1os desde su fundaci\u00f3n; y durante todo el mes de enero se llevar\u00e1n a cabo cientos de eventos art\u00edsticos, culturales y educativos en los diferentes teatros, colonias y parques de la ciudad organizados por el Ayuntamiento de M\u00e9rida.<\/p>\n<p><img loading=\"lazy\" decoding=\"async\" class=\"size-medium wp-image-935 aligncenter\" src=\"https:\/\/www.imer.mx\/yucatanfm\/wp-content\/uploads\/sites\/21\/trova-300x216.jpg\" alt=\"\" width=\"300\" height=\"216\" srcset=\"https:\/\/www.imer.mx\/yucatanfm\/wp-content\/uploads\/sites\/21\/trova-300x216.jpg 300w, https:\/\/www.imer.mx\/yucatanfm\/wp-content\/uploads\/sites\/21\/trova.jpg 694w\" sizes=\"auto, (max-width: 300px) 100vw, 300px\" \/><\/p>\n<p>Durante estos festejos participan m\u00e1s de 600 artistas en m\u00e1s de 165 espect\u00e1culos gratuitos dirigidos al p\u00fablico en general.<\/p>\n<p>Entre los eventos que se realizan en el marco del aniversario de la ciudad se encuentran presentaciones de libros, conciertos, conferencias, puestas en escena en teatros y parques, y ciclos del cine con lo mejor del cine mexicano.<\/p>\n<p><img loading=\"lazy\" decoding=\"async\" class=\"size-medium wp-image-934 aligncenter\" src=\"https:\/\/www.imer.mx\/yucatanfm\/wp-content\/uploads\/sites\/21\/jarana-300x168.jpg\" alt=\"\" width=\"300\" height=\"168\" srcset=\"https:\/\/www.imer.mx\/yucatanfm\/wp-content\/uploads\/sites\/21\/jarana-300x168.jpg 300w, https:\/\/www.imer.mx\/yucatanfm\/wp-content\/uploads\/sites\/21\/jarana.jpg 660w\" sizes=\"auto, (max-width: 300px) 100vw, 300px\" \/><\/p>\n<p>La ciudad de M\u00e9rida es una de las m\u00e1s ricas en historia, y a la vez cuenta con una gran belleza arquitect\u00f3nica en calles y avenidas, y durante este mes de enero se engalana ante sus ciudadanos y ante quienes la visitan.<\/p>\n","protected":false},"excerpt":{"rendered":"<p>Este 2017, M\u00e9rida, la capital yucateca cumple 475 a\u00f1os desde su fundaci\u00f3n; y durante todo el mes de enero se llevar\u00e1n a cabo cientos de eventos art\u00edsticos, culturales y educativos en los diferentes teatros, colonias y parques de la ciudad organizados por el Ayuntamiento de M\u00e9rida. Durante estos festejos participan m\u00e1s de 600 artistas en&hellip;<\/p>\n","protected":false},"author":26,"featured_media":933,"comment_status":"closed","ping_status":"open","sticky":false,"template":"","format":"standard","meta":{"wp_popup_display_lightbox":0,"wp_popup_suppress":"","wp_popup_trigger":"","wp_popup_trigger_amount":0,"wp_popup_disable_on_mobile":false,"footnotes":""},"categories":[2],"tags":[],"class_list":["post-931","post","type-post","status-publish","format-standard","has-post-thumbnail","hentry","category-destacados","category-2","description-off"],"_links":{"self":[{"href":"https:\/\/www.imer.mx\/yucatanfm\/wp-json\/wp\/v2\/posts\/931","targetHints":{"allow":["GET"]}}],"collection":[{"href":"https:\/\/www.imer.mx\/yucatanfm\/wp-json\/wp\/v2\/posts"}],"about":[{"href":"https:\/\/www.imer.mx\/yucatanfm\/wp-json\/wp\/v2\/types\/post"}],"author":[{"embeddable":true,"href":"https:\/\/www.imer.mx\/yucatanfm\/wp-json\/wp\/v2\/users\/26"}],"replies":[{"embeddable":true,"href":"https:\/\/www.imer.mx\/yucatanfm\/wp-json\/wp\/v2\/comments?post=931"}],"version-history":[{"count":0,"href":"https:\/\/www.imer.mx\/yucatanfm\/wp-json\/wp\/v2\/posts\/931\/revisions"}],"wp:featuredmedia":[{"embeddable":true,"href":"https:\/\/www.imer.mx\/yucatanfm\/wp-json\/wp\/v2\/media\/933"}],"wp:attachment":[{"href":"https:\/\/www.imer.mx\/yucatanfm\/wp-json\/wp\/v2\/media?parent=931"}],"wp:term":[{"taxonomy":"category","embeddable":true,"href":"https:\/\/www.imer.mx\/yucatanfm\/wp-json\/wp\/v2\/categories?post=931"},{"taxonomy":"post_tag","embeddable":true,"href":"https:\/\/www.imer.mx\/yucatanfm\/wp-json\/wp\/v2\/tags?post=931"}],"curies":[{"name":"wp","href":"https:\/\/api.w.org\/{rel}","templated":true}]}}