{"id":4549,"date":"2016-03-11T21:46:11","date_gmt":"2016-03-11T21:46:11","guid":{"rendered":"http:\/\/www.imer.mx\/xeb\/?p=4549"},"modified":"2016-03-11T21:48:00","modified_gmt":"2016-03-11T21:48:00","slug":"adela-sequeyro-ejemplo-de-mujer-visionaria","status":"publish","type":"post","link":"https:\/\/www.imer.mx\/xeb\/adela-sequeyro-ejemplo-de-mujer-visionaria\/","title":{"rendered":"Adela Sequeyro, ejemplo de mujer visionaria"},"content":{"rendered":"<p>El 11 de marzo de 1901 naci\u00f3 en Veracruz, Veracruz, la productora, guionista, directora y actriz mexicana <strong>Adela Sequeyro, \u201cPerlita\u201d<\/strong>. \u00a0Quiz\u00e1 su nombre sea hoy desconocido para las nuevas generaciones, pero se trata de una pionera del cine silente mexicano. Su filmograf\u00eda registra t\u00edtulos como \u201cNo matar\u00e1s\u201d, \u201cEl prisionero trece\u201d y \u00a0\u201cMujeres sin alma\u201d. Fue la primera mujer en M\u00e9xico que escribi\u00f3, produjo, dirigi\u00f3 y actu\u00f3 en una pel\u00edcula: \u201cLa mujer de nadie\u201d (1937). Despu\u00e9s de realizar la cinta &#8220;Diablillos del arrabal&#8221; (1938) orient\u00f3 sus actividades al periodismo.<\/p>\n","protected":false},"excerpt":{"rendered":"<p>Esta es la breve rese\u00f1a de una mujer valiosa en el arte f\u00edlmico mexicano.<\/p>\n","protected":false},"author":17,"featured_media":4551,"comment_status":"closed","ping_status":"closed","sticky":false,"template":"","format":"standard","meta":{"wp_popup_display_lightbox":0,"wp_popup_suppress":"","wp_popup_trigger":"","wp_popup_trigger_amount":0,"wp_popup_disable_on_mobile":false,"footnotes":""},"categories":[3,1],"tags":[],"class_list":["post-4549","post","type-post","status-publish","format-standard","has-post-thumbnail","hentry","category-destacados","category-xeb","category-3","category-1","description-off"],"_links":{"self":[{"href":"https:\/\/www.imer.mx\/xeb\/wp-json\/wp\/v2\/posts\/4549","targetHints":{"allow":["GET"]}}],"collection":[{"href":"https:\/\/www.imer.mx\/xeb\/wp-json\/wp\/v2\/posts"}],"about":[{"href":"https:\/\/www.imer.mx\/xeb\/wp-json\/wp\/v2\/types\/post"}],"author":[{"embeddable":true,"href":"https:\/\/www.imer.mx\/xeb\/wp-json\/wp\/v2\/users\/17"}],"replies":[{"embeddable":true,"href":"https:\/\/www.imer.mx\/xeb\/wp-json\/wp\/v2\/comments?post=4549"}],"version-history":[{"count":0,"href":"https:\/\/www.imer.mx\/xeb\/wp-json\/wp\/v2\/posts\/4549\/revisions"}],"wp:featuredmedia":[{"embeddable":true,"href":"https:\/\/www.imer.mx\/xeb\/wp-json\/wp\/v2\/media\/4551"}],"wp:attachment":[{"href":"https:\/\/www.imer.mx\/xeb\/wp-json\/wp\/v2\/media?parent=4549"}],"wp:term":[{"taxonomy":"category","embeddable":true,"href":"https:\/\/www.imer.mx\/xeb\/wp-json\/wp\/v2\/categories?post=4549"},{"taxonomy":"post_tag","embeddable":true,"href":"https:\/\/www.imer.mx\/xeb\/wp-json\/wp\/v2\/tags?post=4549"}],"curies":[{"name":"wp","href":"https:\/\/api.w.org\/{rel}","templated":true}]}}