{"id":2590,"date":"2015-05-15T00:57:44","date_gmt":"2015-05-15T00:57:44","guid":{"rendered":"http:\/\/www.imer.mx\/xeb\/?p=2590"},"modified":"2015-05-15T00:58:51","modified_gmt":"2015-05-15T00:58:51","slug":"el-maestro-de-america","status":"publish","type":"post","link":"https:\/\/www.imer.mx\/xeb\/el-maestro-de-america\/","title":{"rendered":"El maestro de Am\u00e9rica"},"content":{"rendered":"<p>En el D\u00eda del Maestro, reconocemos la labor desarrollada por don Justo Sierra M\u00e9ndez (1848-1912), quien al asumir el cargo de Ministro de Instrucci\u00f3n P\u00fablica y Bellas Artes en el lapso 1905-1911, promovi\u00f3 la creaci\u00f3n de la Universidad Nacional de M\u00e9xico en 1910. La propia instituci\u00f3n lo declar\u00f3 &#8220;Maestro de Am\u00e9rica&#8221;.<\/p>\n","protected":false},"excerpt":{"rendered":"<p>En el D\u00eda del Maestro, reconocemos la labor desarrollada por don Justo Sierra M\u00e9ndez (1848-1912), quien al asumir el cargo de Ministro de Instrucci\u00f3n P\u00fablica y Bellas Artes en el lapso 1905-1911, promovi\u00f3 la creaci\u00f3n de la Universidad Nacional de M\u00e9xico en 1910. La propia instituci\u00f3n lo declar\u00f3 &#8220;Maestro de Am\u00e9rica&#8221;.<\/p>\n","protected":false},"author":17,"featured_media":2591,"comment_status":"closed","ping_status":"closed","sticky":false,"template":"","format":"standard","meta":{"wp_popup_display_lightbox":0,"wp_popup_suppress":"","wp_popup_trigger":"","wp_popup_trigger_amount":0,"wp_popup_disable_on_mobile":false,"footnotes":""},"categories":[3,1],"tags":[],"class_list":["post-2590","post","type-post","status-publish","format-standard","has-post-thumbnail","hentry","category-destacados","category-xeb","category-3","category-1","description-off"],"_links":{"self":[{"href":"https:\/\/www.imer.mx\/xeb\/wp-json\/wp\/v2\/posts\/2590","targetHints":{"allow":["GET"]}}],"collection":[{"href":"https:\/\/www.imer.mx\/xeb\/wp-json\/wp\/v2\/posts"}],"about":[{"href":"https:\/\/www.imer.mx\/xeb\/wp-json\/wp\/v2\/types\/post"}],"author":[{"embeddable":true,"href":"https:\/\/www.imer.mx\/xeb\/wp-json\/wp\/v2\/users\/17"}],"replies":[{"embeddable":true,"href":"https:\/\/www.imer.mx\/xeb\/wp-json\/wp\/v2\/comments?post=2590"}],"version-history":[{"count":0,"href":"https:\/\/www.imer.mx\/xeb\/wp-json\/wp\/v2\/posts\/2590\/revisions"}],"wp:featuredmedia":[{"embeddable":true,"href":"https:\/\/www.imer.mx\/xeb\/wp-json\/wp\/v2\/media\/2591"}],"wp:attachment":[{"href":"https:\/\/www.imer.mx\/xeb\/wp-json\/wp\/v2\/media?parent=2590"}],"wp:term":[{"taxonomy":"category","embeddable":true,"href":"https:\/\/www.imer.mx\/xeb\/wp-json\/wp\/v2\/categories?post=2590"},{"taxonomy":"post_tag","embeddable":true,"href":"https:\/\/www.imer.mx\/xeb\/wp-json\/wp\/v2\/tags?post=2590"}],"curies":[{"name":"wp","href":"https:\/\/api.w.org\/{rel}","templated":true}]}}