{"id":2442,"date":"2015-02-13T01:53:10","date_gmt":"2015-02-13T01:53:10","guid":{"rendered":"http:\/\/www.imer.mx\/xeb\/?p=2442"},"modified":"2015-02-17T18:58:33","modified_gmt":"2015-02-17T18:58:33","slug":"dia-mundial-de-la-radio-2","status":"publish","type":"post","link":"https:\/\/www.imer.mx\/xeb\/dia-mundial-de-la-radio-2\/","title":{"rendered":"D\u00eda Mundial de la Radio"},"content":{"rendered":"<p>El 13 de febrero se conmemora el D\u00eda Mundial de la Radio. Este a\u00f1o 2015, la celebraci\u00f3n est\u00e1 dedicada a las y los j\u00f3venes en su condici\u00f3n de oyentes y potenciales difusores de contenidos a trav\u00e9s de las ondas hetzianas.<br \/>\nEsta celebraci\u00f3n inici\u00f3 en 2011, cuando la Unesco (Organizaci\u00f3n de las Naciones Unidas para la Educaci\u00f3n, la Ciencia y la Cultura) declar\u00f3 el 13 de febrero como D\u00eda Mundial de la Radio en homenaje a la fecha de lanzamiento de Radio ONU, el 13 de febrero de 1946.<br \/>\nEn esta ocasi\u00f3n, se destaca la importancia que tiene la radio para los 1.800 millones de j\u00f3venes que hay en el planeta. <\/p>\n","protected":false},"excerpt":{"rendered":"<p>El 13 de febrero se conmemora el D\u00eda Mundial de la Radio. Este a\u00f1o 2015, la celebraci\u00f3n est\u00e1 dedicada a las y los j\u00f3venes en su condici\u00f3n de oyentes y potenciales difusores de contenidos a trav\u00e9s de las ondas hetzianas. Esta celebraci\u00f3n inici\u00f3 en 2011, cuando la Unesco (Organizaci\u00f3n de las Naciones Unidas para la&hellip;<\/p>\n","protected":false},"author":17,"featured_media":1576,"comment_status":"closed","ping_status":"closed","sticky":false,"template":"","format":"standard","meta":{"wp_popup_display_lightbox":0,"wp_popup_suppress":"","wp_popup_trigger":"","wp_popup_trigger_amount":0,"wp_popup_disable_on_mobile":false,"footnotes":""},"categories":[3,1],"tags":[],"class_list":["post-2442","post","type-post","status-publish","format-standard","has-post-thumbnail","hentry","category-destacados","category-xeb","category-3","category-1","description-off"],"_links":{"self":[{"href":"https:\/\/www.imer.mx\/xeb\/wp-json\/wp\/v2\/posts\/2442","targetHints":{"allow":["GET"]}}],"collection":[{"href":"https:\/\/www.imer.mx\/xeb\/wp-json\/wp\/v2\/posts"}],"about":[{"href":"https:\/\/www.imer.mx\/xeb\/wp-json\/wp\/v2\/types\/post"}],"author":[{"embeddable":true,"href":"https:\/\/www.imer.mx\/xeb\/wp-json\/wp\/v2\/users\/17"}],"replies":[{"embeddable":true,"href":"https:\/\/www.imer.mx\/xeb\/wp-json\/wp\/v2\/comments?post=2442"}],"version-history":[{"count":0,"href":"https:\/\/www.imer.mx\/xeb\/wp-json\/wp\/v2\/posts\/2442\/revisions"}],"wp:featuredmedia":[{"embeddable":true,"href":"https:\/\/www.imer.mx\/xeb\/wp-json\/wp\/v2\/media\/1576"}],"wp:attachment":[{"href":"https:\/\/www.imer.mx\/xeb\/wp-json\/wp\/v2\/media?parent=2442"}],"wp:term":[{"taxonomy":"category","embeddable":true,"href":"https:\/\/www.imer.mx\/xeb\/wp-json\/wp\/v2\/categories?post=2442"},{"taxonomy":"post_tag","embeddable":true,"href":"https:\/\/www.imer.mx\/xeb\/wp-json\/wp\/v2\/tags?post=2442"}],"curies":[{"name":"wp","href":"https:\/\/api.w.org\/{rel}","templated":true}]}}