{"id":2199,"date":"2014-09-13T15:52:28","date_gmt":"2014-09-13T15:52:28","guid":{"rendered":"http:\/\/www.imer.mx\/xeb\/?p=2199"},"modified":"2014-09-19T00:27:46","modified_gmt":"2014-09-19T00:27:46","slug":"los-pases-para-el-auditorio-nacional-se-agotaron","status":"publish","type":"post","link":"https:\/\/www.imer.mx\/xeb\/los-pases-para-el-auditorio-nacional-se-agotaron\/","title":{"rendered":"Los pases para el Auditorio Nacional se agotaron"},"content":{"rendered":"<p>El entusiasmo de nuestro p\u00fablico para asistir al nuestro concierto por el 91\u00b0 aniversario de XEB en el Auditorio Nacional, el martes 30 de septiembre, y gozar de un gran espect\u00e1culo con magn\u00edficos artistas, provoc\u00f3 que a menos de una semana de promocionar el evento, los pases han llegado a su l\u00edmite.<\/p>\n<p>Afortunadamente, nuestro evento se transmitir\u00e1 en vivo a trav\u00e9s de XEB, por internet en Radiom\u00e9xicointernacional, y por todas las emisoras de provincia del IMER.<\/p>\n<p>Participar\u00e1n en este concierto de aniversario (en orden de aparici\u00f3n): <strong>FATO, ESTELA N\u00da\u00d1EZ, NADIA, LA SONORA SANTANERA, CARLOS CUEVAS, MANOELLA TORRES, JOS\u00c9 LUIS DUVAL, JORGE MU\u00d1IZ Y PEPE AR\u00c9VALO y SUS MULATOS. <\/strong>Un elenco de lujo en el Centro de Arte y Cultura, tambi\u00e9n llamado &#8220;El coloso de Reforma&#8221;: el Auditorio Nacional.<strong><br \/>\n<\/strong><\/p>\n","protected":false},"excerpt":{"rendered":"<p>El entusiasmo de nuestro p\u00fablico para asistir al nuestro concierto por el 91\u00b0 aniversario de XEB en el Auditorio Nacional, el martes 30 de septiembre, y gozar de un gran espect\u00e1culo con magn\u00edficos artistas, provoc\u00f3 que a menos de una semana de promocionar el evento, los pases han llegado a su l\u00edmite. Afortunadamente, nuestro evento&hellip;<\/p>\n","protected":false},"author":17,"featured_media":0,"comment_status":"closed","ping_status":"closed","sticky":false,"template":"","format":"standard","meta":{"wp_popup_display_lightbox":0,"wp_popup_suppress":"","wp_popup_trigger":"","wp_popup_trigger_amount":0,"wp_popup_disable_on_mobile":false,"footnotes":""},"categories":[3,1],"tags":[],"class_list":["post-2199","post","type-post","status-publish","format-standard","hentry","category-destacados","category-xeb","category-3","category-1","description-off"],"_links":{"self":[{"href":"https:\/\/www.imer.mx\/xeb\/wp-json\/wp\/v2\/posts\/2199","targetHints":{"allow":["GET"]}}],"collection":[{"href":"https:\/\/www.imer.mx\/xeb\/wp-json\/wp\/v2\/posts"}],"about":[{"href":"https:\/\/www.imer.mx\/xeb\/wp-json\/wp\/v2\/types\/post"}],"author":[{"embeddable":true,"href":"https:\/\/www.imer.mx\/xeb\/wp-json\/wp\/v2\/users\/17"}],"replies":[{"embeddable":true,"href":"https:\/\/www.imer.mx\/xeb\/wp-json\/wp\/v2\/comments?post=2199"}],"version-history":[{"count":0,"href":"https:\/\/www.imer.mx\/xeb\/wp-json\/wp\/v2\/posts\/2199\/revisions"}],"wp:attachment":[{"href":"https:\/\/www.imer.mx\/xeb\/wp-json\/wp\/v2\/media?parent=2199"}],"wp:term":[{"taxonomy":"category","embeddable":true,"href":"https:\/\/www.imer.mx\/xeb\/wp-json\/wp\/v2\/categories?post=2199"},{"taxonomy":"post_tag","embeddable":true,"href":"https:\/\/www.imer.mx\/xeb\/wp-json\/wp\/v2\/tags?post=2199"}],"curies":[{"name":"wp","href":"https:\/\/api.w.org\/{rel}","templated":true}]}}