{"id":2167,"date":"2014-09-04T04:47:19","date_gmt":"2014-09-04T04:47:19","guid":{"rendered":"http:\/\/www.imer.mx\/xeb\/?p=2167"},"modified":"2014-09-04T04:48:50","modified_gmt":"2014-09-04T04:48:50","slug":"la-estacion-del-buen-tono-cyb","status":"publish","type":"post","link":"https:\/\/www.imer.mx\/xeb\/la-estacion-del-buen-tono-cyb\/","title":{"rendered":"CYB, La Estaci\u00f3n del Buen Tono"},"content":{"rendered":"<p><a href=\"https:\/\/www.imer.mx\/xeb\/wp-content\/uploads\/sites\/18\/buen-tono-1923.jpg\"><img loading=\"lazy\" decoding=\"async\" class=\"alignnone size-medium wp-image-2168\" src=\"https:\/\/www.imer.mx\/xeb\/wp-content\/uploads\/sites\/18\/buen-tono-1923-261x300.jpg\" alt=\"buen tono 1923\" width=\"261\" height=\"300\" srcset=\"https:\/\/www.imer.mx\/xeb\/wp-content\/uploads\/sites\/18\/buen-tono-1923-261x300.jpg 261w, https:\/\/www.imer.mx\/xeb\/wp-content\/uploads\/sites\/18\/buen-tono-1923.jpg 336w\" sizes=\"auto, (max-width: 261px) 100vw, 261px\" \/><\/a> <a href=\"https:\/\/www.imer.mx\/xeb\/wp-content\/uploads\/sites\/18\/2-anuncio-junio-1923.jpg\"><img loading=\"lazy\" decoding=\"async\" class=\"alignnone size-medium wp-image-2169\" src=\"https:\/\/www.imer.mx\/xeb\/wp-content\/uploads\/sites\/18\/2-anuncio-junio-1923-273x300.jpg\" alt=\"2-anuncio junio 1923\" width=\"273\" height=\"300\" srcset=\"https:\/\/www.imer.mx\/xeb\/wp-content\/uploads\/sites\/18\/2-anuncio-junio-1923-273x300.jpg 273w, https:\/\/www.imer.mx\/xeb\/wp-content\/uploads\/sites\/18\/2-anuncio-junio-1923.jpg 336w\" sizes=\"auto, (max-width: 273px) 100vw, 273px\" \/><\/a><\/p>\n<p>El 14 de septiembre de 1923 se realiz\u00f3 la primera transmisi\u00f3n formal de CYB (con esta nominales se identific\u00f3 durante sus primeros seis a\u00f1os la XEB).<\/p>\n<p>El plan original fue utilizar la se\u00f1al para publicitar los productos de la Compa\u00f1\u00eda Cigarrera del Buen Tono, propietaria de la emisora. Poco tiempo despu\u00e9s, los directivos decidieron ofrecer diversos contenidos (musicales, dramatizaciones, narraciones deportivas, etc.) que fincaron el quehacer radiof\u00f3nico en nuestro pa\u00eds. Gr\u00e1ficas del Universal Ilustrado, julio de 1923.<\/p>\n<p>&nbsp;<\/p>\n<p>&nbsp;<\/p>\n","protected":false},"excerpt":{"rendered":"<p>El 14 de septiembre de 1923 se realiz\u00f3 la primera transmisi\u00f3n formal de CYB (con esta nominales se identific\u00f3 durante sus primeros seis a\u00f1os la XEB). El plan original fue utilizar la se\u00f1al para publicitar los productos de la Compa\u00f1\u00eda Cigarrera del Buen Tono, propietaria de la emisora. Poco tiempo despu\u00e9s, los directivos decidieron ofrecer&hellip;<\/p>\n","protected":false},"author":17,"featured_media":0,"comment_status":"closed","ping_status":"closed","sticky":false,"template":"","format":"standard","meta":{"wp_popup_display_lightbox":0,"wp_popup_suppress":"","wp_popup_trigger":"","wp_popup_trigger_amount":0,"wp_popup_disable_on_mobile":false,"footnotes":""},"categories":[3,1],"tags":[],"class_list":["post-2167","post","type-post","status-publish","format-standard","hentry","category-destacados","category-xeb","category-3","category-1","description-off"],"_links":{"self":[{"href":"https:\/\/www.imer.mx\/xeb\/wp-json\/wp\/v2\/posts\/2167","targetHints":{"allow":["GET"]}}],"collection":[{"href":"https:\/\/www.imer.mx\/xeb\/wp-json\/wp\/v2\/posts"}],"about":[{"href":"https:\/\/www.imer.mx\/xeb\/wp-json\/wp\/v2\/types\/post"}],"author":[{"embeddable":true,"href":"https:\/\/www.imer.mx\/xeb\/wp-json\/wp\/v2\/users\/17"}],"replies":[{"embeddable":true,"href":"https:\/\/www.imer.mx\/xeb\/wp-json\/wp\/v2\/comments?post=2167"}],"version-history":[{"count":0,"href":"https:\/\/www.imer.mx\/xeb\/wp-json\/wp\/v2\/posts\/2167\/revisions"}],"wp:attachment":[{"href":"https:\/\/www.imer.mx\/xeb\/wp-json\/wp\/v2\/media?parent=2167"}],"wp:term":[{"taxonomy":"category","embeddable":true,"href":"https:\/\/www.imer.mx\/xeb\/wp-json\/wp\/v2\/categories?post=2167"},{"taxonomy":"post_tag","embeddable":true,"href":"https:\/\/www.imer.mx\/xeb\/wp-json\/wp\/v2\/tags?post=2167"}],"curies":[{"name":"wp","href":"https:\/\/api.w.org\/{rel}","templated":true}]}}