{"id":2161,"date":"2014-09-02T18:19:17","date_gmt":"2014-09-02T18:19:17","guid":{"rendered":"http:\/\/www.imer.mx\/xeb\/?p=2161"},"modified":"2014-09-04T05:02:57","modified_gmt":"2014-09-04T05:02:57","slug":"el-inicio-de-xeb","status":"publish","type":"post","link":"https:\/\/www.imer.mx\/xeb\/el-inicio-de-xeb\/","title":{"rendered":"El inicio de XEB"},"content":{"rendered":"<p><a href=\"https:\/\/www.imer.mx\/xeb\/wp-content\/uploads\/sites\/18\/feria-radio.jpg\"><img loading=\"lazy\" decoding=\"async\" class=\"alignnone size-medium wp-image-2164\" src=\"https:\/\/www.imer.mx\/xeb\/wp-content\/uploads\/sites\/18\/feria-radio-300x224.jpg\" alt=\"feria radio\" width=\"300\" height=\"224\" srcset=\"https:\/\/www.imer.mx\/xeb\/wp-content\/uploads\/sites\/18\/feria-radio-300x225.jpg 300w, https:\/\/www.imer.mx\/xeb\/wp-content\/uploads\/sites\/18\/feria-radio.jpg 448w\" sizes=\"auto, (max-width: 300px) 100vw, 300px\" \/><\/a><\/p>\n<p>La emisora se inaugur\u00f3 oficialmente el 15 de septiembre de 1923, sin embargo, desde el mes de junio de ese a\u00f1o, el p\u00fablico capitalino estaba enterado del montaje de la &#8220;Estaci\u00f3n Radiotelef\u00f3nica del Buen Tono&#8221;.<\/p>\n<p>La gr\u00e1fica corresponde al momento en que el general \u00c1lvaro Obreg\u00f3n, entonces Presidente de la Rep\u00fablica, inaugur\u00f3 la Primera Feria del Radio, en el Palacio de Miner\u00eda. Se aprecia el stand de la Compa\u00f1\u00eda Cigarrera del Buen Tono y la vestimenta sui g\u00e9neris de las edecanes que ofrec\u00edan tabacos marca &#8220;Radio&#8221;. Peri\u00f3dico Exc\u00e9lsior, 26 de junio de 1923.<\/p>\n","protected":false},"excerpt":{"rendered":"<p>La emisora se inaugur\u00f3 oficialmente el 15 de septiembre de 1923, sin embargo, desde el mes de junio de ese a\u00f1o, el p\u00fablico capitalino estaba enterado del montaje de la &#8220;Estaci\u00f3n Radiotelef\u00f3nica del Buen Tono&#8221;. La gr\u00e1fica corresponde al momento en que el general \u00c1lvaro Obreg\u00f3n, entonces Presidente de la Rep\u00fablica, inaugur\u00f3 la Primera Feria&hellip;<\/p>\n","protected":false},"author":17,"featured_media":0,"comment_status":"closed","ping_status":"closed","sticky":false,"template":"","format":"standard","meta":{"wp_popup_display_lightbox":0,"wp_popup_suppress":"","wp_popup_trigger":"","wp_popup_trigger_amount":0,"wp_popup_disable_on_mobile":false,"footnotes":""},"categories":[3,1],"tags":[],"class_list":["post-2161","post","type-post","status-publish","format-standard","hentry","category-destacados","category-xeb","category-3","category-1","description-off"],"_links":{"self":[{"href":"https:\/\/www.imer.mx\/xeb\/wp-json\/wp\/v2\/posts\/2161","targetHints":{"allow":["GET"]}}],"collection":[{"href":"https:\/\/www.imer.mx\/xeb\/wp-json\/wp\/v2\/posts"}],"about":[{"href":"https:\/\/www.imer.mx\/xeb\/wp-json\/wp\/v2\/types\/post"}],"author":[{"embeddable":true,"href":"https:\/\/www.imer.mx\/xeb\/wp-json\/wp\/v2\/users\/17"}],"replies":[{"embeddable":true,"href":"https:\/\/www.imer.mx\/xeb\/wp-json\/wp\/v2\/comments?post=2161"}],"version-history":[{"count":0,"href":"https:\/\/www.imer.mx\/xeb\/wp-json\/wp\/v2\/posts\/2161\/revisions"}],"wp:attachment":[{"href":"https:\/\/www.imer.mx\/xeb\/wp-json\/wp\/v2\/media?parent=2161"}],"wp:term":[{"taxonomy":"category","embeddable":true,"href":"https:\/\/www.imer.mx\/xeb\/wp-json\/wp\/v2\/categories?post=2161"},{"taxonomy":"post_tag","embeddable":true,"href":"https:\/\/www.imer.mx\/xeb\/wp-json\/wp\/v2\/tags?post=2161"}],"curies":[{"name":"wp","href":"https:\/\/api.w.org\/{rel}","templated":true}]}}