{"id":1617,"date":"2014-03-21T12:16:11","date_gmt":"2014-03-21T18:16:11","guid":{"rendered":"http:\/\/xeb.imer.gob.mx\/?p=1617"},"modified":"2015-03-22T06:09:06","modified_gmt":"2015-03-22T06:09:06","slug":"21-de-marzo-tres-motivos-importantes","status":"publish","type":"post","link":"https:\/\/www.imer.mx\/xeb\/21-de-marzo-tres-motivos-importantes\/","title":{"rendered":"Una fecha, cuatro celebraciones"},"content":{"rendered":"<p>Don Benito Ju\u00e1rez Garc\u00eda es icono de superaci\u00f3n, tenacidad, lealtad a las instituciones y a la patria. Su frase  &#8220;Entre los individuos, como entre las naciones, el respeto al derecho ajeno es la paz&#8221; sintetiza un anhelo perenne de la humanidad.<br \/>\nEl D\u00eda Mundial de la Poes\u00eda celebra una forma de expresi\u00f3n tan ancestral como el hombre mismo. La poes\u00eda interpreta la realidad y la convierte en una sucesi\u00f3n arm\u00f3nica de palabras que alimentan el alma.<br \/>\nEl D\u00eda Mundial del S\u00edndrome de Down nos motiva al apoyo y la inclusi\u00f3n hacia quienes padecen este s\u00edndrome, ya que su vulnerabilidad requiere de la participaci\u00f3n de todos.<br \/>\nEl D\u00eda Internacional para Eliminar la Discriminaci\u00f3n Racial refleja una lucha por promover la igualdad y la inclusi\u00f3n en beneficio de la humanidad. <\/p>\n","protected":false},"excerpt":{"rendered":"<p>Cuatro fechas importantes coinciden el 21 de marzo y requieren su celebraci\u00f3n d\u00eda a d\u00eda: El natalicio del Benem\u00e9rito de las Am\u00e9ricas, don Benito Ju\u00e1rez; el D\u00eda Mundial de la Poes\u00eda, el D\u00eda Mundial del S\u00edndrome de Down y el D\u00eda Internacional ppara eliminar la discriminaci\u00f3n racial.<\/p>\n","protected":false},"author":17,"featured_media":1437,"comment_status":"closed","ping_status":"closed","sticky":false,"template":"","format":"standard","meta":{"wp_popup_display_lightbox":0,"wp_popup_suppress":"","wp_popup_trigger":"","wp_popup_trigger_amount":0,"wp_popup_disable_on_mobile":false,"footnotes":""},"categories":[3,1],"tags":[],"class_list":["post-1617","post","type-post","status-publish","format-standard","has-post-thumbnail","hentry","category-destacados","category-xeb","category-3","category-1","description-off"],"_links":{"self":[{"href":"https:\/\/www.imer.mx\/xeb\/wp-json\/wp\/v2\/posts\/1617","targetHints":{"allow":["GET"]}}],"collection":[{"href":"https:\/\/www.imer.mx\/xeb\/wp-json\/wp\/v2\/posts"}],"about":[{"href":"https:\/\/www.imer.mx\/xeb\/wp-json\/wp\/v2\/types\/post"}],"author":[{"embeddable":true,"href":"https:\/\/www.imer.mx\/xeb\/wp-json\/wp\/v2\/users\/17"}],"replies":[{"embeddable":true,"href":"https:\/\/www.imer.mx\/xeb\/wp-json\/wp\/v2\/comments?post=1617"}],"version-history":[{"count":0,"href":"https:\/\/www.imer.mx\/xeb\/wp-json\/wp\/v2\/posts\/1617\/revisions"}],"wp:featuredmedia":[{"embeddable":true,"href":"https:\/\/www.imer.mx\/xeb\/wp-json\/wp\/v2\/media\/1437"}],"wp:attachment":[{"href":"https:\/\/www.imer.mx\/xeb\/wp-json\/wp\/v2\/media?parent=1617"}],"wp:term":[{"taxonomy":"category","embeddable":true,"href":"https:\/\/www.imer.mx\/xeb\/wp-json\/wp\/v2\/categories?post=1617"},{"taxonomy":"post_tag","embeddable":true,"href":"https:\/\/www.imer.mx\/xeb\/wp-json\/wp\/v2\/tags?post=1617"}],"curies":[{"name":"wp","href":"https:\/\/api.w.org\/{rel}","templated":true}]}}