{"id":1584,"date":"2014-02-20T13:45:07","date_gmt":"2014-02-20T19:45:07","guid":{"rendered":"http:\/\/xeb.imer.gob.mx\/?p=1584"},"modified":"2014-06-16T22:11:09","modified_gmt":"2014-06-16T22:11:09","slug":"la-lengua-materna-orgullo-e-identidad","status":"publish","type":"post","link":"https:\/\/www.imer.mx\/xeb\/la-lengua-materna-orgullo-e-identidad\/","title":{"rendered":"La lengua materna, orgullo e identidad"},"content":{"rendered":"<p>El D\u00eda Internacional de la Lengua Materna se decret\u00f3 en 1999 por la UNESCO, fij\u00e1ndose el 21 de febrero para conmemorarlo. Una de sus premisas fue proteger todos los idiomas del mundo, que representan un bien intangible y son sin\u00f3nimo de la identidad cultural de las naciones.<\/p>\n<p>La celebraci\u00f3n de este d\u00eda es un motivo de reflexi\u00f3n y punto de partida para diversas acciones en favor a la preservaci\u00f3n de las lenguas originarias: promover su estudio entre ni\u00f1os y j\u00f3venes (grupos definitivos para su preservaci\u00f3n), difundir la cultura de los n\u00facleos poblacionales que hablan estas lenguas (que involucra la m\u00fasica, la vestimenta, la gastronom\u00eda, etc.), propiciar que los hablantes se sientan orgullosos de su lengua madre, promover las fiestas y tradiciones ligadas al uso de la lengua materna, y todo lo que nuestra mente dicte a favor de esta riqueza cultural.<\/p>\n","protected":false},"excerpt":{"rendered":"<p>El 21 de febrero se conmemora el D\u00eda Internacional de la Lengua Materna, celebraci\u00f3n importante para M\u00e9xico, ya que en nuestro territorio se habla un gran n\u00famero de lenguas, algunas en peligro de extinci\u00f3n. (Gr\u00e1fica del C\u00f3dice Florentino)<\/p>\n","protected":false},"author":17,"featured_media":1585,"comment_status":"closed","ping_status":"closed","sticky":false,"template":"","format":"standard","meta":{"wp_popup_display_lightbox":0,"wp_popup_suppress":"","wp_popup_trigger":"","wp_popup_trigger_amount":0,"wp_popup_disable_on_mobile":false,"footnotes":""},"categories":[1],"tags":[],"class_list":["post-1584","post","type-post","status-publish","format-standard","has-post-thumbnail","hentry","category-xeb","category-1","description-off"],"_links":{"self":[{"href":"https:\/\/www.imer.mx\/xeb\/wp-json\/wp\/v2\/posts\/1584","targetHints":{"allow":["GET"]}}],"collection":[{"href":"https:\/\/www.imer.mx\/xeb\/wp-json\/wp\/v2\/posts"}],"about":[{"href":"https:\/\/www.imer.mx\/xeb\/wp-json\/wp\/v2\/types\/post"}],"author":[{"embeddable":true,"href":"https:\/\/www.imer.mx\/xeb\/wp-json\/wp\/v2\/users\/17"}],"replies":[{"embeddable":true,"href":"https:\/\/www.imer.mx\/xeb\/wp-json\/wp\/v2\/comments?post=1584"}],"version-history":[{"count":0,"href":"https:\/\/www.imer.mx\/xeb\/wp-json\/wp\/v2\/posts\/1584\/revisions"}],"wp:featuredmedia":[{"embeddable":true,"href":"https:\/\/www.imer.mx\/xeb\/wp-json\/wp\/v2\/media\/1585"}],"wp:attachment":[{"href":"https:\/\/www.imer.mx\/xeb\/wp-json\/wp\/v2\/media?parent=1584"}],"wp:term":[{"taxonomy":"category","embeddable":true,"href":"https:\/\/www.imer.mx\/xeb\/wp-json\/wp\/v2\/categories?post=1584"},{"taxonomy":"post_tag","embeddable":true,"href":"https:\/\/www.imer.mx\/xeb\/wp-json\/wp\/v2\/tags?post=1584"}],"curies":[{"name":"wp","href":"https:\/\/api.w.org\/{rel}","templated":true}]}}