{"id":1478,"date":"2013-12-03T12:29:09","date_gmt":"2013-12-03T18:29:09","guid":{"rendered":"http:\/\/xeb.imer.gob.mx\/?p=1478"},"modified":"2014-06-05T00:41:27","modified_gmt":"2014-06-05T00:41:27","slug":"dia-internacional-de-las-personas-con-discapacidad","status":"publish","type":"post","link":"https:\/\/www.imer.mx\/xeb\/dia-internacional-de-las-personas-con-discapacidad\/","title":{"rendered":"D\u00eda Internacional de las personas con discapacidad"},"content":{"rendered":"<p>Integrar a la sociedad, apoyar y comprender la situaci\u00f3n de quienes sufren alg\u00fan tipo de discapacidad, es tarea de todos nosotros. El D\u00eda Internacional de las personas con discapacidad, que se celebra el 3 de diciembre de cada a\u00f1o, tiene como meta fomentar la comprensi\u00f3n de los asuntos relativos a esta situaci\u00f3n y promover el apoyo a la dignidad, los derechos y el bienestar de las personas discapacitadas.<\/p>\n<p>La celebraci\u00f3n de este d\u00eda, intenta aumentar la sensibilidad acerca de los beneficios que se derivan de la integraci\u00f3n de las personas con discapacidad en cada uno de los aspectos de la vida pol\u00edtica, social, econ\u00f3mica y cultural. El D\u00eda Internacional pretende conseguir que las personas discapacitadas disfruten de los derechos humanos y participen en la sociedad de forma plena y en condiciones de igualdad.<\/p>\n","protected":false},"excerpt":{"rendered":"<p>Integrar a la sociedad, apoyar y comprender la situaci\u00f3n de quienes sufren alg\u00fan tipo de discapacidad, es tarea de todos nosotros. El D\u00eda Internacional de las personas con discapacidad, que se celebra el 3 de diciembre de cada a\u00f1o, tiene como meta fomentar la comprensi\u00f3n de los asuntos relativos a esta situaci\u00f3n y promover el&hellip;<\/p>\n","protected":false},"author":17,"featured_media":0,"comment_status":"closed","ping_status":"closed","sticky":false,"template":"","format":"standard","meta":{"wp_popup_display_lightbox":0,"wp_popup_suppress":"","wp_popup_trigger":"","wp_popup_trigger_amount":0,"wp_popup_disable_on_mobile":false,"footnotes":""},"categories":[1],"tags":[],"class_list":["post-1478","post","type-post","status-publish","format-standard","hentry","category-xeb","category-1","description-off"],"_links":{"self":[{"href":"https:\/\/www.imer.mx\/xeb\/wp-json\/wp\/v2\/posts\/1478","targetHints":{"allow":["GET"]}}],"collection":[{"href":"https:\/\/www.imer.mx\/xeb\/wp-json\/wp\/v2\/posts"}],"about":[{"href":"https:\/\/www.imer.mx\/xeb\/wp-json\/wp\/v2\/types\/post"}],"author":[{"embeddable":true,"href":"https:\/\/www.imer.mx\/xeb\/wp-json\/wp\/v2\/users\/17"}],"replies":[{"embeddable":true,"href":"https:\/\/www.imer.mx\/xeb\/wp-json\/wp\/v2\/comments?post=1478"}],"version-history":[{"count":0,"href":"https:\/\/www.imer.mx\/xeb\/wp-json\/wp\/v2\/posts\/1478\/revisions"}],"wp:attachment":[{"href":"https:\/\/www.imer.mx\/xeb\/wp-json\/wp\/v2\/media?parent=1478"}],"wp:term":[{"taxonomy":"category","embeddable":true,"href":"https:\/\/www.imer.mx\/xeb\/wp-json\/wp\/v2\/categories?post=1478"},{"taxonomy":"post_tag","embeddable":true,"href":"https:\/\/www.imer.mx\/xeb\/wp-json\/wp\/v2\/tags?post=1478"}],"curies":[{"name":"wp","href":"https:\/\/api.w.org\/{rel}","templated":true}]}}