{"id":1394,"date":"2013-10-30T14:50:23","date_gmt":"2013-10-30T20:50:23","guid":{"rendered":"http:\/\/xeb.imer.gob.mx\/?p=1394"},"modified":"2014-06-05T00:41:44","modified_gmt":"2014-06-05T00:41:44","slug":"agustin-lara-el-musico-poeta","status":"publish","type":"post","link":"https:\/\/www.imer.mx\/xeb\/agustin-lara-el-musico-poeta\/","title":{"rendered":"Agust\u00edn Lara, el m\u00fasico-poeta"},"content":{"rendered":"<p>El 30 de noviembre de 1897 naci\u00f3 Agust\u00edn Lara, el Flaco de Oro, el M\u00fasico-Poeta que provoc\u00f3 una revoluci\u00f3n en todo el mundo, por su capacidad para innovar la canci\u00f3n urbana, tanto en su letra como en la f\u00f3rmula musical.<\/p>\n<p>Agust\u00edn es uno de los grandes compositores del siglo XX, cuyas obras forman parte del repertorio mundial. Inici\u00f3 su actividad creativa en 1929, momento en que dio a conocer su bolero \u201cImposible\u201d. Un a\u00f1o m\u00e1s tarde, se consagr\u00f3 con dos boleros m\u00e1s: \u201cMujer\u201d y \u201cRosa\u201d, ambos estrenados en obras de teatro popular. Con el advenimiento de la radio, sus creaciones se aposentaron en las ondas hertzianas, influyendo en una generaci\u00f3n de compositores que se inspiraron en la \u201cf\u00f3rmula larista\u201d, consistente en un bolero adanzonado, cuya estructura literaria no tuvo paralelo.<\/p>\n<p>Lara naci\u00f3 en el Distrito Federal y no en Tlacotalpan, Veracruz, como \u00e9l mismo lo asegur\u00f3 en vida. Esta fue una \u201cmentira piadosa\u201d que le rindi\u00f3 una excelente imagen, aunque su car\u00e1cter no pon\u00eda en duda tal jarochidad; sin embargo, qu\u00e9 importa su lugar de origen: genios como \u00e9l pueden elegir su patria chica a voluntad, o quitarse los a\u00f1os como Agust\u00edn lo hac\u00eda, ya que aseguraba haber nacido cuando despuntaba el siglo XX, es decir, en 1900.<\/p>\n<p>Las canciones de Agust\u00edn Lara son piezas fundamentales para una emisora de radio como XEB, donde por cierto dio su primera audici\u00f3n durante 1929, cuando todav\u00eda no era un cantautor conocido. Su herencia musical est\u00e1 presente en cientos de versiones que se transmiten a lo largo del d\u00eda, tanto antiguas como recientes. La obra de Agust\u00edn Lara es un patrimonio que deben conocer las nuevas generaciones, y seguir presente en la memoria de quienes vivieron aquella \u00e9poca.<\/p>\n","protected":false},"excerpt":{"rendered":"<p>El 30 de noviembre de 1897 naci\u00f3 Agust\u00edn Lara, el Flaco de Oro, el M\u00fasico-Poeta que provoc\u00f3 una revoluci\u00f3n en todo el mundo, por su capacidad para innovar la canci\u00f3n urbana, tanto en su letra como en la f\u00f3rmula musical.<\/p>\n","protected":false},"author":17,"featured_media":1397,"comment_status":"closed","ping_status":"closed","sticky":false,"template":"","format":"standard","meta":{"wp_popup_display_lightbox":0,"wp_popup_suppress":"","wp_popup_trigger":"","wp_popup_trigger_amount":0,"wp_popup_disable_on_mobile":false,"footnotes":""},"categories":[1],"tags":[],"class_list":["post-1394","post","type-post","status-publish","format-standard","has-post-thumbnail","hentry","category-xeb","category-1","description-off"],"_links":{"self":[{"href":"https:\/\/www.imer.mx\/xeb\/wp-json\/wp\/v2\/posts\/1394","targetHints":{"allow":["GET"]}}],"collection":[{"href":"https:\/\/www.imer.mx\/xeb\/wp-json\/wp\/v2\/posts"}],"about":[{"href":"https:\/\/www.imer.mx\/xeb\/wp-json\/wp\/v2\/types\/post"}],"author":[{"embeddable":true,"href":"https:\/\/www.imer.mx\/xeb\/wp-json\/wp\/v2\/users\/17"}],"replies":[{"embeddable":true,"href":"https:\/\/www.imer.mx\/xeb\/wp-json\/wp\/v2\/comments?post=1394"}],"version-history":[{"count":0,"href":"https:\/\/www.imer.mx\/xeb\/wp-json\/wp\/v2\/posts\/1394\/revisions"}],"wp:featuredmedia":[{"embeddable":true,"href":"https:\/\/www.imer.mx\/xeb\/wp-json\/wp\/v2\/media\/1397"}],"wp:attachment":[{"href":"https:\/\/www.imer.mx\/xeb\/wp-json\/wp\/v2\/media?parent=1394"}],"wp:term":[{"taxonomy":"category","embeddable":true,"href":"https:\/\/www.imer.mx\/xeb\/wp-json\/wp\/v2\/categories?post=1394"},{"taxonomy":"post_tag","embeddable":true,"href":"https:\/\/www.imer.mx\/xeb\/wp-json\/wp\/v2\/tags?post=1394"}],"curies":[{"name":"wp","href":"https:\/\/api.w.org\/{rel}","templated":true}]}}