{"id":1282,"date":"2013-10-10T18:56:12","date_gmt":"2013-10-10T23:56:12","guid":{"rendered":"http:\/\/xeb.imer.gob.mx\/?p=1282"},"modified":"2014-06-05T00:41:44","modified_gmt":"2014-06-05T00:41:44","slug":"dia-mundial-de-la-vision","status":"publish","type":"post","link":"https:\/\/www.imer.mx\/xeb\/dia-mundial-de-la-vision\/","title":{"rendered":"D\u00eda Mundial de la Visi\u00f3n"},"content":{"rendered":"<p>El 10 de octubre de 2013 se celebra el D\u00eda Mundial de la Visi\u00f3n, para crear conciencia sobre el cuidado del sentido de la vista. Ante todo, lo fundamental es la prevenci\u00f3n. Muchas enfermedades que derivan en la p\u00e9rdida de la visi\u00f3n, se pueden controlar, como el glaucoma, o prevenir y tratar, como el desprendimiento de retina, para referirnos a las causas m\u00e1s comunes.<\/p>\n<p>Nunca es tarde para cuidar nuestros ojos.<\/p>\n","protected":false},"excerpt":{"rendered":"<p>&#8220;Los ojos son el espejo del alma&#8221;, se ha dicho desde la antig\u00fcedad en forma po\u00e9tica. Sin embargo, significan tambi\u00e9n nuestro principal medio de comunicaci\u00f3n con el mundo que nos rodea.<\/p>\n","protected":false},"author":17,"featured_media":0,"comment_status":"closed","ping_status":"closed","sticky":false,"template":"","format":"standard","meta":{"wp_popup_display_lightbox":0,"wp_popup_suppress":"","wp_popup_trigger":"","wp_popup_trigger_amount":0,"wp_popup_disable_on_mobile":false,"footnotes":""},"categories":[1],"tags":[],"class_list":["post-1282","post","type-post","status-publish","format-standard","hentry","category-xeb","category-1","description-off"],"_links":{"self":[{"href":"https:\/\/www.imer.mx\/xeb\/wp-json\/wp\/v2\/posts\/1282","targetHints":{"allow":["GET"]}}],"collection":[{"href":"https:\/\/www.imer.mx\/xeb\/wp-json\/wp\/v2\/posts"}],"about":[{"href":"https:\/\/www.imer.mx\/xeb\/wp-json\/wp\/v2\/types\/post"}],"author":[{"embeddable":true,"href":"https:\/\/www.imer.mx\/xeb\/wp-json\/wp\/v2\/users\/17"}],"replies":[{"embeddable":true,"href":"https:\/\/www.imer.mx\/xeb\/wp-json\/wp\/v2\/comments?post=1282"}],"version-history":[{"count":0,"href":"https:\/\/www.imer.mx\/xeb\/wp-json\/wp\/v2\/posts\/1282\/revisions"}],"wp:attachment":[{"href":"https:\/\/www.imer.mx\/xeb\/wp-json\/wp\/v2\/media?parent=1282"}],"wp:term":[{"taxonomy":"category","embeddable":true,"href":"https:\/\/www.imer.mx\/xeb\/wp-json\/wp\/v2\/categories?post=1282"},{"taxonomy":"post_tag","embeddable":true,"href":"https:\/\/www.imer.mx\/xeb\/wp-json\/wp\/v2\/tags?post=1282"}],"curies":[{"name":"wp","href":"https:\/\/api.w.org\/{rel}","templated":true}]}}