{"id":1267,"date":"2013-10-09T20:51:00","date_gmt":"2013-10-10T01:51:00","guid":{"rendered":"http:\/\/xeb.imer.gob.mx\/?p=1267"},"modified":"2014-06-05T00:41:44","modified_gmt":"2014-06-05T00:41:44","slug":"gran-concierto-del-90-aniversario-de-xeb-en-el-jardin-hidalgo-de-coyoacan","status":"publish","type":"post","link":"https:\/\/www.imer.mx\/xeb\/gran-concierto-del-90-aniversario-de-xeb-en-el-jardin-hidalgo-de-coyoacan\/","title":{"rendered":"Gran concierto del 90\u00b0 Aniversario de XEB en el Jard\u00edn Hidalgo de Coyoac\u00e1n"},"content":{"rendered":"<p><img loading=\"lazy\" decoding=\"async\" class=\"alignnone size-medium wp-image-1270\" alt=\"SON Y DANZON 3\" src=\"https:\/\/www.imer.mx\/xeb\/wp-content\/uploads\/sites\/18\/2013\/10\/SON-Y-DANZON-3-300x200.jpg\" width=\"300\" height=\"200\" srcset=\"https:\/\/www.imer.mx\/xeb\/wp-content\/uploads\/sites\/18\/2013\/10\/SON-Y-DANZON-3-300x200.jpg 300w, https:\/\/www.imer.mx\/xeb\/wp-content\/uploads\/sites\/18\/2013\/10\/SON-Y-DANZON-3.jpg 640w\" sizes=\"auto, (max-width: 300px) 100vw, 300px\" \/><\/p>\n<p><img loading=\"lazy\" decoding=\"async\" class=\"alignnone size-medium wp-image-1269\" alt=\"SON Y DANZON 2\" src=\"https:\/\/www.imer.mx\/xeb\/wp-content\/uploads\/sites\/18\/2013\/10\/SON-Y-DANZON-2-300x200.jpg\" width=\"300\" height=\"200\" srcset=\"https:\/\/www.imer.mx\/xeb\/wp-content\/uploads\/sites\/18\/2013\/10\/SON-Y-DANZON-2-300x200.jpg 300w, https:\/\/www.imer.mx\/xeb\/wp-content\/uploads\/sites\/18\/2013\/10\/SON-Y-DANZON-2.jpg 640w\" sizes=\"auto, (max-width: 300px) 100vw, 300px\" \/><\/p>\n<p><img loading=\"lazy\" decoding=\"async\" class=\"alignnone size-full wp-image-1268\" alt=\"santaneros\" src=\"https:\/\/www.imer.mx\/xeb\/wp-content\/uploads\/sites\/18\/2013\/10\/SON-Y-DANZON-1.jpg\" width=\"640\" height=\"350\" srcset=\"https:\/\/www.imer.mx\/xeb\/wp-content\/uploads\/sites\/18\/2013\/10\/SON-Y-DANZON-1.jpg 640w, https:\/\/www.imer.mx\/xeb\/wp-content\/uploads\/sites\/18\/2013\/10\/SON-Y-DANZON-1-300x164.jpg 300w\" sizes=\"auto, (max-width: 640px) 100vw, 640px\" \/><\/p>\n<p>Son y Danz\u00f3n en Coyoac\u00e1n<br \/>\nPor Meztli Brindis<br \/>\nSombreros, zapatos de baile y faldas amplias, se hicieron presentes en el concierto Son y Danz\u00f3n en Coyoac\u00e1n, realizado por la emisora m\u00e1s antigua de Am\u00e9rica Latina, la XEB, La B grande de M\u00e9xico, que el pasado mes de septiembre celebr\u00f3 su nonag\u00e9simo aniversario.<br \/>\nDespu\u00e9s de varios meses de preparativos y una semana de arduo trabajo, por fin hab\u00eda llegado el d\u00eda del concierto. Eran las 10:00 de la ma\u00f1ana y el equipo de producci\u00f3n arribaba a las instalaciones del Jard\u00edn Hidalgo, en la Delegaci\u00f3n Coyoac\u00e1n. Se comenzaron a montar lonas y banners, as\u00ed como las bocinas y consolas del \u00e1rea de ingenier\u00eda; se afinaban detalles entre productores.<br \/>\nPoco antes de las de las 10:30, el p\u00fablico radioescucha comenz\u00f3 a llegar al lugar del evento; algunos curiosos se acercaban a preguntar qu\u00e9 es lo que se celebraba y qu\u00e9 agrupaciones se presentar\u00edan, por lo que tomaron la decisi\u00f3n de reservar un lugar en los asientos m\u00e1s cercanos al escenario.<br \/>\nPasadas las 13:00 horas, comenz\u00f3 la prueba de sonido; el grupo Recuerdos del Son hizo bailar por un breve momento al p\u00fablico que cada vez se aglomeraba m\u00e1s.<br \/>\n14:00 horas. Es el momento del arranque, la transmisi\u00f3n se ve retrasada, el nerviosismo es evidente; el grupo, la locutora e incluso los mismos espectadores se encuentran a la expectativa de una se\u00f1al, un solo movimiento que les marque el inicio del festejo. En la unidad m\u00f3vil se encuentran al tel\u00e9fono los productores de las tres emisoras destinadas a transmitir el evento, que esperan el momento preciso para dar la indicaci\u00f3n a sus operadores y arrancar sin m\u00e1s pre\u00e1mbulo.<br \/>\nDespu\u00e9s de unos minutos de espera es lanzado el \u201ccue\u201d, la transmisi\u00f3n arranca con las tres emisoras enlazadas; el concierto da inicio con el grupo Recuerdos del Son, que vuelve a tocar, pero esta vez con m\u00e1s fuerza. De los alrededores comienzan a llegar m\u00e1s y m\u00e1s personas para poder disfrutar del espect\u00e1culo; el grupo de baile Danzoneros de Coyoac\u00e1n abre la pista y dejan ver sus mejores pasos, pero r\u00e1pidamente son alcanzados por otras parejas que comienzan a pulir el piso.<br \/>\nEl reloj marca las 15:00 horas; con el transcurrir del tiempo la calidez y el gozo de cada uno de los concurrentes es muy notorio. En este momento sube al escenario La Danzonera de Acerina, poniendo ritmo y pasi\u00f3n a cada una de las melod\u00edas interpretadas.<br \/>\nEntre los bailarines hay una pareja que destaca, no solo por el traje negro con bordados y listones de color blanco, sino por la delicadeza y la sensualidad de cada uno de los movimientos que hacen al bailar, dando la impresi\u00f3n de encontrarse solos.<br \/>\n16:00 horas. Vestidos de traje y saco color salm\u00f3n, La Internacional Aut\u00e9ntica Sonora de Gildardo Z\u00e1rate hace su aparici\u00f3n, convirtiendo lo que antes estaba \u201cprendido\u201d en algo que irradiaba alegr\u00eda desbordada.<br \/>\nFue en un cabaret donde te encontr\u00e9 bailando, vendiendo tu amor al mejor postor, so\u00f1ando\u2026<br \/>\nEn una mezcla de j\u00fabilo y emoci\u00f3n se escucha Luces de Nueva York, interpretada por Benito L\u00f3pez, vocalista de la sonora y coreada por una multitud de personas que bailan con sus parejas habituales y de otros que encontraron con qui\u00e9n bailar entre la misma audiencia.<br \/>\nDesde el escenario se puede observar la plaza de Coyoac\u00e1n llena de ni\u00f1os, j\u00f3venes y personas de la tercera edad, compartiendo el mismo gusto por la m\u00fasica y por la celebraci\u00f3n de una emisora que ha unido a varias generaciones, creando un ambiente de respeto y amistad.<br \/>\nLa \u00faltima melod\u00eda est\u00e1 por comenzar, cada una de las parejas se toma entre los brazos. Con unos ligeros acordes comienzan una danza que esperan no termine jam\u00e1s. Por fin las \u00faltimas estrofas llegan a su fin. El grupo musical y el equipo de producci\u00f3n dan las gracias por asistir a un evento de tal magnitud.<br \/>\nCada miembro de la producci\u00f3n se despide con alegr\u00eda y cansancio, despu\u00e9s de una semana de arduo trabajo y entrega total. La camioneta en que el p\u00fablico los vio llegar se aleja dejando muchos recuerdos y la ilusi\u00f3n de un pr\u00f3ximo encuentro. \u00bfCu\u00e1ndo? Quiz\u00e1 el siguiente a\u00f1o.<\/p>\n<p><img loading=\"lazy\" decoding=\"async\" class=\"alignnone  wp-image-1278\" alt=\"Son y Danz\u00f3n en Coyoac\u00e1n\" src=\"https:\/\/www.imer.mx\/xeb\/wp-content\/uploads\/sites\/18\/2013\/10\/Son-y-danz\u00f3n-085-1024x576.jpg\" width=\"614\" height=\"346\" srcset=\"https:\/\/www.imer.mx\/xeb\/wp-content\/uploads\/sites\/18\/2013\/10\/Son-y-danz\u00f3n-085-1024x576.jpg 1024w, https:\/\/www.imer.mx\/xeb\/wp-content\/uploads\/sites\/18\/2013\/10\/Son-y-danz\u00f3n-085-300x168.jpg 300w\" sizes=\"auto, (max-width: 614px) 100vw, 614px\" \/><\/p>\n","protected":false},"excerpt":{"rendered":"<p>Sombreros, zapatos de baile y faldas amplias, se hicieron presentes en el concierto Son y Danz\u00f3n en Coyoac\u00e1n, realizado por la emisora m\u00e1s antigua de Am\u00e9rica Latina, la XEB, La B grande de M\u00e9xico, que el pasado mes de septiembre celebr\u00f3 su nonag\u00e9simo aniversario.<\/p>\n","protected":false},"author":17,"featured_media":1288,"comment_status":"closed","ping_status":"closed","sticky":false,"template":"","format":"standard","meta":{"wp_popup_display_lightbox":0,"wp_popup_suppress":"","wp_popup_trigger":"","wp_popup_trigger_amount":0,"wp_popup_disable_on_mobile":false,"footnotes":""},"categories":[1],"tags":[],"class_list":["post-1267","post","type-post","status-publish","format-standard","has-post-thumbnail","hentry","category-xeb","category-1","description-off"],"_links":{"self":[{"href":"https:\/\/www.imer.mx\/xeb\/wp-json\/wp\/v2\/posts\/1267","targetHints":{"allow":["GET"]}}],"collection":[{"href":"https:\/\/www.imer.mx\/xeb\/wp-json\/wp\/v2\/posts"}],"about":[{"href":"https:\/\/www.imer.mx\/xeb\/wp-json\/wp\/v2\/types\/post"}],"author":[{"embeddable":true,"href":"https:\/\/www.imer.mx\/xeb\/wp-json\/wp\/v2\/users\/17"}],"replies":[{"embeddable":true,"href":"https:\/\/www.imer.mx\/xeb\/wp-json\/wp\/v2\/comments?post=1267"}],"version-history":[{"count":0,"href":"https:\/\/www.imer.mx\/xeb\/wp-json\/wp\/v2\/posts\/1267\/revisions"}],"wp:featuredmedia":[{"embeddable":true,"href":"https:\/\/www.imer.mx\/xeb\/wp-json\/wp\/v2\/media\/1288"}],"wp:attachment":[{"href":"https:\/\/www.imer.mx\/xeb\/wp-json\/wp\/v2\/media?parent=1267"}],"wp:term":[{"taxonomy":"category","embeddable":true,"href":"https:\/\/www.imer.mx\/xeb\/wp-json\/wp\/v2\/categories?post=1267"},{"taxonomy":"post_tag","embeddable":true,"href":"https:\/\/www.imer.mx\/xeb\/wp-json\/wp\/v2\/tags?post=1267"}],"curies":[{"name":"wp","href":"https:\/\/api.w.org\/{rel}","templated":true}]}}