{"id":1247,"date":"2013-10-04T15:51:03","date_gmt":"2013-10-04T20:51:03","guid":{"rendered":"http:\/\/xeb.imer.gob.mx\/?p=1247"},"modified":"2014-06-05T00:41:44","modified_gmt":"2014-06-05T00:41:44","slug":"fotos-nonagesimo-aniversario","status":"publish","type":"post","link":"https:\/\/www.imer.mx\/xeb\/fotos-nonagesimo-aniversario\/","title":{"rendered":"Fotos Nonag\u00e9simo aniversario"},"content":{"rendered":"<div id=\"attachment_1244\" style=\"width: 310px\" class=\"wp-caption alignnone\"><a href=\"https:\/\/www.imer.mx\/xeb\/wp-content\/uploads\/sites\/18\/2013\/10\/RODRIGO-DE-LA-CADENA-23-SEP.jpg\"><img loading=\"lazy\" decoding=\"async\" aria-describedby=\"caption-attachment-1244\" class=\"size-medium wp-image-1244\" alt=\"Lunes 23 de septiembre de 2013\" src=\"https:\/\/www.imer.mx\/xeb\/wp-content\/uploads\/sites\/18\/2013\/10\/RODRIGO-DE-LA-CADENA-23-SEP-300x288.jpg\" width=\"300\" height=\"288\" srcset=\"https:\/\/www.imer.mx\/xeb\/wp-content\/uploads\/sites\/18\/2013\/10\/RODRIGO-DE-LA-CADENA-23-SEP-300x288.jpg 300w, https:\/\/www.imer.mx\/xeb\/wp-content\/uploads\/sites\/18\/2013\/10\/RODRIGO-DE-LA-CADENA-23-SEP.jpg 499w\" sizes=\"auto, (max-width: 300px) 100vw, 300px\" \/><\/a><p id=\"caption-attachment-1244\" class=\"wp-caption-text\">Una noche con Rodrigo de la Cadena<\/p><\/div>\n<div id=\"attachment_1254\" style=\"width: 310px\" class=\"wp-caption alignnone\"><a href=\"https:\/\/www.imer.mx\/xeb\/wp-content\/uploads\/sites\/18\/2013\/10\/FABBY-23-SEPT.jpg\"><img loading=\"lazy\" decoding=\"async\" aria-describedby=\"caption-attachment-1254\" class=\"size-medium wp-image-1254\" alt=\"\" src=\"https:\/\/www.imer.mx\/xeb\/wp-content\/uploads\/sites\/18\/2013\/10\/FABBY-23-SEPT-300x225.jpg\" width=\"300\" height=\"225\" srcset=\"https:\/\/www.imer.mx\/xeb\/wp-content\/uploads\/sites\/18\/2013\/10\/FABBY-23-SEPT-300x225.jpg 300w, https:\/\/www.imer.mx\/xeb\/wp-content\/uploads\/sites\/18\/2013\/10\/FABBY-23-SEPT.jpg 640w\" sizes=\"auto, (max-width: 300px) 100vw, 300px\" \/><\/a><p id=\"caption-attachment-1254\" class=\"wp-caption-text\">Amanece con Fabby<\/p><\/div>\n<div id=\"attachment_1255\" style=\"width: 258px\" class=\"wp-caption alignnone\"><a href=\"https:\/\/www.imer.mx\/xeb\/wp-content\/uploads\/sites\/18\/2013\/10\/MYRIAM-NU\u00d1EZ.jpg\"><img loading=\"lazy\" decoding=\"async\" aria-describedby=\"caption-attachment-1255\" class=\"size-medium wp-image-1255\" alt=\"\" src=\"https:\/\/www.imer.mx\/xeb\/wp-content\/uploads\/sites\/18\/2013\/10\/MYRIAM-NU\u00d1EZ-248x300.jpg\" width=\"248\" height=\"300\" srcset=\"https:\/\/www.imer.mx\/xeb\/wp-content\/uploads\/sites\/18\/2013\/10\/MYRIAM-NU\u00d1EZ-248x300.jpg 248w, https:\/\/www.imer.mx\/xeb\/wp-content\/uploads\/sites\/18\/2013\/10\/MYRIAM-NU\u00d1EZ.jpg 480w\" sizes=\"auto, (max-width: 248px) 100vw, 248px\" \/><\/a><p id=\"caption-attachment-1255\" class=\"wp-caption-text\">La reina del requinto Miriam Nu\u00f1ez<\/p><\/div>\n<div id=\"attachment_1256\" style=\"width: 223px\" class=\"wp-caption alignnone\"><a href=\"https:\/\/www.imer.mx\/xeb\/wp-content\/uploads\/sites\/18\/2013\/10\/humberto-CRAVIOTO-23-sept.jpg\"><img loading=\"lazy\" decoding=\"async\" aria-describedby=\"caption-attachment-1256\" class=\"size-medium wp-image-1256\" alt=\"\" src=\"https:\/\/www.imer.mx\/xeb\/wp-content\/uploads\/sites\/18\/2013\/10\/humberto-CRAVIOTO-23-sept-213x300.jpg\" width=\"213\" height=\"300\" srcset=\"https:\/\/www.imer.mx\/xeb\/wp-content\/uploads\/sites\/18\/2013\/10\/humberto-CRAVIOTO-23-sept-213x300.jpg 213w, https:\/\/www.imer.mx\/xeb\/wp-content\/uploads\/sites\/18\/2013\/10\/humberto-CRAVIOTO-23-sept.jpg 456w\" sizes=\"auto, (max-width: 213px) 100vw, 213px\" \/><\/a><p id=\"caption-attachment-1256\" class=\"wp-caption-text\">Romance con Humberto Cravioto<\/p><\/div>\n<div id=\"attachment_1257\" style=\"width: 310px\" class=\"wp-caption alignnone\"><a href=\"https:\/\/www.imer.mx\/xeb\/wp-content\/uploads\/sites\/18\/2013\/10\/LOS-DANDYS-23-SEP.jpg\"><img loading=\"lazy\" decoding=\"async\" aria-describedby=\"caption-attachment-1257\" class=\"size-medium wp-image-1257\" alt=\"\" src=\"https:\/\/www.imer.mx\/xeb\/wp-content\/uploads\/sites\/18\/2013\/10\/LOS-DANDYS-23-SEP-300x225.jpg\" width=\"300\" height=\"225\" srcset=\"https:\/\/www.imer.mx\/xeb\/wp-content\/uploads\/sites\/18\/2013\/10\/LOS-DANDYS-23-SEP-300x225.jpg 300w, https:\/\/www.imer.mx\/xeb\/wp-content\/uploads\/sites\/18\/2013\/10\/LOS-DANDYS-23-SEP.jpg 640w\" sizes=\"auto, (max-width: 300px) 100vw, 300px\" \/><\/a><p id=\"caption-attachment-1257\" class=\"wp-caption-text\">Serenata XEB&#8230; una noche con Los Dandys<\/p><\/div>\n<div id=\"attachment_1253\" style=\"width: 231px\" class=\"wp-caption alignnone\"><a href=\"https:\/\/www.imer.mx\/xeb\/wp-content\/uploads\/sites\/18\/2013\/10\/TRIO-LOS-JAIBOS-23-SEP1.jpg\"><img loading=\"lazy\" decoding=\"async\" aria-describedby=\"caption-attachment-1253\" class=\"size-medium wp-image-1253\" alt=\"\" src=\"https:\/\/www.imer.mx\/xeb\/wp-content\/uploads\/sites\/18\/2013\/10\/TRIO-LOS-JAIBOS-23-SEP1-221x300.jpg\" width=\"221\" height=\"300\" srcset=\"https:\/\/www.imer.mx\/xeb\/wp-content\/uploads\/sites\/18\/2013\/10\/TRIO-LOS-JAIBOS-23-SEP1-221x300.jpg 221w, https:\/\/www.imer.mx\/xeb\/wp-content\/uploads\/sites\/18\/2013\/10\/TRIO-LOS-JAIBOS-23-SEP1.jpg 472w\" sizes=\"auto, (max-width: 221px) 100vw, 221px\" \/><\/a><p id=\"caption-attachment-1253\" class=\"wp-caption-text\">Los Jaibos en XEB<\/p><\/div>\n<p>El d\u00eda 23 de septiembre, nos acompa\u00f1aron en cabina Fabby, Miriam Nu\u00f1ez, Humberto Cravioto, Los Jaibos, La Sonora Maracaibo, La Aut\u00e9ntica Sonora de Gildardo Zarate, Rodrigo de la Cadena y Los Dandys para unirse a la celebraci\u00f3n de los 90 a\u00f1os de XEB, durante los diversos programas de la emisora.<\/p>\n","protected":false},"excerpt":{"rendered":"<p>Desfile de grandes artistas en XEB, el d\u00eda de su aniversario: 23 de septiembre de 2013<\/p>\n","protected":false},"author":16,"featured_media":0,"comment_status":"closed","ping_status":"closed","sticky":false,"template":"","format":"standard","meta":{"wp_popup_display_lightbox":0,"wp_popup_suppress":"","wp_popup_trigger":"","wp_popup_trigger_amount":0,"wp_popup_disable_on_mobile":false,"footnotes":""},"categories":[1],"tags":[9,10],"class_list":["post-1247","post","type-post","status-publish","format-standard","hentry","category-xeb","tag-el-dia-23-de-septiembre-para-unirse-a-la-celebracion-de-los-90-anos-de-xeb","tag-rodrigo-de-la-cadena-nos-acompano-en-el-programa-de-te-danzante","category-1","description-off"],"_links":{"self":[{"href":"https:\/\/www.imer.mx\/xeb\/wp-json\/wp\/v2\/posts\/1247","targetHints":{"allow":["GET"]}}],"collection":[{"href":"https:\/\/www.imer.mx\/xeb\/wp-json\/wp\/v2\/posts"}],"about":[{"href":"https:\/\/www.imer.mx\/xeb\/wp-json\/wp\/v2\/types\/post"}],"author":[{"embeddable":true,"href":"https:\/\/www.imer.mx\/xeb\/wp-json\/wp\/v2\/users\/16"}],"replies":[{"embeddable":true,"href":"https:\/\/www.imer.mx\/xeb\/wp-json\/wp\/v2\/comments?post=1247"}],"version-history":[{"count":0,"href":"https:\/\/www.imer.mx\/xeb\/wp-json\/wp\/v2\/posts\/1247\/revisions"}],"wp:attachment":[{"href":"https:\/\/www.imer.mx\/xeb\/wp-json\/wp\/v2\/media?parent=1247"}],"wp:term":[{"taxonomy":"category","embeddable":true,"href":"https:\/\/www.imer.mx\/xeb\/wp-json\/wp\/v2\/categories?post=1247"},{"taxonomy":"post_tag","embeddable":true,"href":"https:\/\/www.imer.mx\/xeb\/wp-json\/wp\/v2\/tags?post=1247"}],"curies":[{"name":"wp","href":"https:\/\/api.w.org\/{rel}","templated":true}]}}