{"id":1154,"date":"2013-08-02T20:43:24","date_gmt":"2013-08-03T01:43:24","guid":{"rendered":"http:\/\/xeb.imer.gob.mx\/?p=1154"},"modified":"2014-06-05T00:41:44","modified_gmt":"2014-06-05T00:41:44","slug":"xeb-90-anos-con-las-familias-mexicanas","status":"publish","type":"post","link":"https:\/\/www.imer.mx\/xeb\/xeb-90-anos-con-las-familias-mexicanas\/","title":{"rendered":"XEB, 90 a\u00f1os con las familias mexicanas"},"content":{"rendered":"<div id=\"attachment_1143\" style=\"width: 310px\" class=\"wp-caption alignnone\"><img loading=\"lazy\" decoding=\"async\" aria-describedby=\"caption-attachment-1143\" class=\"size-medium wp-image-1143\" alt=\"La familia mexicana\" src=\"https:\/\/www.imer.mx\/xeb\/wp-content\/uploads\/sites\/18\/2013\/07\/familia-Tovar-C\u00f3rdova1-300x223.jpg\" width=\"300\" height=\"223\" srcset=\"https:\/\/www.imer.mx\/xeb\/wp-content\/uploads\/sites\/18\/2013\/07\/familia-Tovar-C\u00f3rdova1-300x223.jpg 300w, https:\/\/www.imer.mx\/xeb\/wp-content\/uploads\/sites\/18\/2013\/07\/familia-Tovar-C\u00f3rdova1.jpg 640w\" sizes=\"auto, (max-width: 300px) 100vw, 300px\" \/><p id=\"caption-attachment-1143\" class=\"wp-caption-text\">La foto familiar es una reliquia donde el tiempo queda atrapado<\/p><\/div>\n<p>\u00bfConservan ustedes alguna de aquellas fotos antiguas, que guardan la memoria familiar? \u00bfQu\u00e9 les parece si las comparten con nosotros? No necesitan prest\u00e1rnosla; no se deshagan de su foto. Si la pueden traer a nuestras oficinas, solamente le pedimos un instante. Tomaremos una foto y listo. O bien, nos la hacen llegar a nuestro correo: xeb@imer.com.mx<br \/>\nPueden visitar\u00a0la galer\u00eda fotogr\u00e1fica de familias mexicanas, en nuestra p\u00e1gina web. Se ha formado con el aporte de nuestros radioescuchas.\u00a0 \u00a1No dejen de participar! Estamos a sus \u00f3rdenes en el tel\u00e9fono 5628-1715<br \/>\n(Foto: familia Tovar C\u00f3rdoba, 1923. Propiedad de Mar\u00eda del Carmen Tovar)<\/p>\n","protected":false},"excerpt":{"rendered":"<p>La foto familiar es una reliquia donde el tiempo queda atrapado. Ah\u00ed aparecen nuestras personas queridas: los abuelos, los padres, las parejas reci\u00e9n unidas, los hijos y nietos.<\/p>\n","protected":false},"author":17,"featured_media":0,"comment_status":"closed","ping_status":"closed","sticky":false,"template":"","format":"standard","meta":{"wp_popup_display_lightbox":0,"wp_popup_suppress":"","wp_popup_trigger":"","wp_popup_trigger_amount":0,"wp_popup_disable_on_mobile":false,"footnotes":""},"categories":[1],"tags":[],"class_list":["post-1154","post","type-post","status-publish","format-standard","hentry","category-xeb","category-1","description-off"],"_links":{"self":[{"href":"https:\/\/www.imer.mx\/xeb\/wp-json\/wp\/v2\/posts\/1154","targetHints":{"allow":["GET"]}}],"collection":[{"href":"https:\/\/www.imer.mx\/xeb\/wp-json\/wp\/v2\/posts"}],"about":[{"href":"https:\/\/www.imer.mx\/xeb\/wp-json\/wp\/v2\/types\/post"}],"author":[{"embeddable":true,"href":"https:\/\/www.imer.mx\/xeb\/wp-json\/wp\/v2\/users\/17"}],"replies":[{"embeddable":true,"href":"https:\/\/www.imer.mx\/xeb\/wp-json\/wp\/v2\/comments?post=1154"}],"version-history":[{"count":0,"href":"https:\/\/www.imer.mx\/xeb\/wp-json\/wp\/v2\/posts\/1154\/revisions"}],"wp:attachment":[{"href":"https:\/\/www.imer.mx\/xeb\/wp-json\/wp\/v2\/media?parent=1154"}],"wp:term":[{"taxonomy":"category","embeddable":true,"href":"https:\/\/www.imer.mx\/xeb\/wp-json\/wp\/v2\/categories?post=1154"},{"taxonomy":"post_tag","embeddable":true,"href":"https:\/\/www.imer.mx\/xeb\/wp-json\/wp\/v2\/tags?post=1154"}],"curies":[{"name":"wp","href":"https:\/\/api.w.org\/{rel}","templated":true}]}}