{"id":16614,"date":"2021-06-30T05:30:00","date_gmt":"2021-06-30T10:30:00","guid":{"rendered":"https:\/\/www.imer.mx\/tropicalisima\/?p=16614"},"modified":"2021-06-29T23:21:30","modified_gmt":"2021-06-30T04:21:30","slug":"resfriado-sin-sueter","status":"publish","type":"post","link":"https:\/\/www.imer.mx\/tropicalisima\/resfriado-sin-sueter\/","title":{"rendered":"Resfriado sin su\u00e9ter"},"content":{"rendered":"\n<p class=\"has-medium-font-size\">Si algo tienen en com\u00fan todas las madres del mundo es esa necesidad de que sus hijos salgan cubiertos como esquimales cuando hace fr\u00edo. No importa si vivimos en el \u00e1rtico o en el desierto, de seguro nuestras mam\u00e1s nos dijeron alg\u00fan d\u00eda: \u201cNo salgas sin su\u00e9ter\u201d<\/p>\n\n\n\n<p class=\"has-medium-font-size\">Pero \u00bfRealmente nos podemos enfermar por el s\u00f3lo hecho de estar en el fr\u00edo? Averig\u00fc\u00e9moslo<\/p>\n\n\n\n<p class=\"has-medium-font-size\">Durante el oto\u00f1o e invierno es com\u00fan que la gente se enferme de gripa, se estima que entre un 5 y 20% de la poblaci\u00f3n acaba con la nariz congestionada, cuerpo cortado y dolor de cabeza. Curiosamente en estas temporadas el term\u00f3metro marca bajas temperaturas, por eso se relaciona el fr\u00edo con la enfermedad.<\/p>\n\n\n\n<p class=\"has-medium-font-size\">Sin embargo, las abuelas y madres de todo el mundo podr\u00edan tener algo de raz\u00f3n. Un estudio realizado por Ron Eccles, director del Centro de Resfriados Comunes en Cardiff, Reino Unido, demostr\u00f3 que un grupo de personas a las que se les enfriaron los pies tuvieron m\u00e1s del doble de incidencias de gripa que el grupo de control que permaneci\u00f3 con sus calcetines puestos.<\/p>\n\n\n\n<p class=\"has-medium-font-size\">La conclusi\u00f3n del estudio fue que el fr\u00edo causa vasoconstricci\u00f3n, en la que se comprimen los vasos sangu\u00edneos, lo que inhibe el flujo de gl\u00f3bulos blancos para combatir la enfermedad y por eso nos podemos enfermar m\u00e1s.<\/p>\n\n\n\n<p class=\"has-medium-font-size\">La moraleja de esta nota es que le hagan caso a sus mam\u00e1s, porque el frio nos hace m\u00e1s propensos a los resfriados.<\/p>\n","protected":false},"excerpt":{"rendered":"<p>Si algo tienen en com\u00fan todas las madres del mundo es esa necesidad de que sus hijos salgan cubiertos como esquimales cuando hace fr\u00edo. No importa si vivimos en el \u00e1rtico o en el desierto, de seguro nuestras mam\u00e1s nos dijeron alg\u00fan d\u00eda: \u201cNo salgas sin su\u00e9ter\u201d Pero \u00bfRealmente nos podemos enfermar por el s\u00f3lo&hellip;<\/p>\n","protected":false},"author":21,"featured_media":16615,"comment_status":"open","ping_status":"open","sticky":false,"template":"","format":"standard","meta":{"wp_popup_display_lightbox":0,"wp_popup_suppress":"","wp_popup_trigger":"","wp_popup_trigger_amount":0,"wp_popup_disable_on_mobile":false,"footnotes":""},"categories":[13],"tags":[],"class_list":["post-16614","post","type-post","status-publish","format-standard","has-post-thumbnail","hentry","category-tu-sabes","category-13","description-off"],"_links":{"self":[{"href":"https:\/\/www.imer.mx\/tropicalisima\/wp-json\/wp\/v2\/posts\/16614","targetHints":{"allow":["GET"]}}],"collection":[{"href":"https:\/\/www.imer.mx\/tropicalisima\/wp-json\/wp\/v2\/posts"}],"about":[{"href":"https:\/\/www.imer.mx\/tropicalisima\/wp-json\/wp\/v2\/types\/post"}],"author":[{"embeddable":true,"href":"https:\/\/www.imer.mx\/tropicalisima\/wp-json\/wp\/v2\/users\/21"}],"replies":[{"embeddable":true,"href":"https:\/\/www.imer.mx\/tropicalisima\/wp-json\/wp\/v2\/comments?post=16614"}],"version-history":[{"count":0,"href":"https:\/\/www.imer.mx\/tropicalisima\/wp-json\/wp\/v2\/posts\/16614\/revisions"}],"wp:featuredmedia":[{"embeddable":true,"href":"https:\/\/www.imer.mx\/tropicalisima\/wp-json\/wp\/v2\/media\/16615"}],"wp:attachment":[{"href":"https:\/\/www.imer.mx\/tropicalisima\/wp-json\/wp\/v2\/media?parent=16614"}],"wp:term":[{"taxonomy":"category","embeddable":true,"href":"https:\/\/www.imer.mx\/tropicalisima\/wp-json\/wp\/v2\/categories?post=16614"},{"taxonomy":"post_tag","embeddable":true,"href":"https:\/\/www.imer.mx\/tropicalisima\/wp-json\/wp\/v2\/tags?post=16614"}],"curies":[{"name":"wp","href":"https:\/\/api.w.org\/{rel}","templated":true}]}}