{"id":15876,"date":"2020-10-20T05:30:22","date_gmt":"2020-10-20T10:30:22","guid":{"rendered":"https:\/\/www.imer.mx\/tropicalisima\/?p=15876"},"modified":"2020-10-19T11:33:42","modified_gmt":"2020-10-19T16:33:42","slug":"cantando-en-la-regadera","status":"publish","type":"post","link":"https:\/\/www.imer.mx\/tropicalisima\/cantando-en-la-regadera\/","title":{"rendered":"Cantando en la regadera"},"content":{"rendered":"\n<p class=\"has-medium-font-size\">Para la mayor\u00eda de personas, ponerse a cantar en la ducha es\nuna acci\u00f3n casi instintiva. Lo que seguramente nunca se han preguntado es, \u00bfpor\nqu\u00e9 cantamos en la ducha? \u00bfPor qu\u00e9 nuestra voz suena mejor dentro de ella?\nAunque parezca una locura, algunos cient\u00edficos han dado respuesta a las\npreguntas que hay detr\u00e1s de este peculiar h\u00e1bito.<\/p>\n\n\n\n<p class=\"has-medium-font-size\">Los muros planos, sin irregularidades y en la mayor\nparte de los casos, con azulejos, que recubren los ba\u00f1os, provocan que los\nsonidos reboten en ellos, actuando como una caja de resonancia, aumentando la\nintensidad del sonido y haciendo que la voz parezca mucho m\u00e1s potente. Adem\u00e1s,\ndebido a la reverberaci\u00f3n, la voz se mantiene m\u00e1s tiempo en el aire despu\u00e9s de\nemitir cada nota.<\/p>\n\n\n\n<p class=\"has-medium-font-size\">Gracias a estas superficies, las notas graves\nsuenan m\u00e1s y permanecen m\u00e1s tiempo en el aire que las agudas.&nbsp; Y como es en este tipo de notas en las que\nm\u00e1s desafinamos, el efecto que se produce es la sensaci\u00f3n de que cantamos\nmejor. Pero se trata solo de eso, de una sensaci\u00f3n. <\/p>\n\n\n\n<p class=\"has-medium-font-size\">En los inicios de las\ngrabaciones musicales, cuando no exist\u00edan los modernos equipos de grabaci\u00f3n, se\nsol\u00edan utilizar salas forradas de azulejos para mejorar la ac\u00fastica. En algunos\nestudios de grabaci\u00f3n todav\u00eda se conservan algunas de estas salas.<\/p>\n\n\n\n<p class=\"has-medium-font-size\">\u00a1As\u00ed que si usted es de los que cantan cuando toman un ba\u00f1o, ya sabe porqu\u00e9 su voz suena mejor en la regadera!<\/p>\n","protected":false},"excerpt":{"rendered":"<p>Para la mayor\u00eda de personas, ponerse a cantar en la ducha es una acci\u00f3n casi instintiva. Lo que seguramente nunca se han preguntado es, \u00bfpor qu\u00e9 cantamos en la ducha? \u00bfPor qu\u00e9 nuestra voz suena mejor dentro de ella? Aunque parezca una locura, algunos cient\u00edficos han dado respuesta a las preguntas que hay detr\u00e1s de&hellip;<\/p>\n","protected":false},"author":21,"featured_media":15877,"comment_status":"open","ping_status":"open","sticky":false,"template":"","format":"standard","meta":{"wp_popup_display_lightbox":0,"wp_popup_suppress":"","wp_popup_trigger":"","wp_popup_trigger_amount":0,"wp_popup_disable_on_mobile":false,"footnotes":""},"categories":[13],"tags":[],"class_list":["post-15876","post","type-post","status-publish","format-standard","has-post-thumbnail","hentry","category-tu-sabes","category-13","description-off"],"_links":{"self":[{"href":"https:\/\/www.imer.mx\/tropicalisima\/wp-json\/wp\/v2\/posts\/15876","targetHints":{"allow":["GET"]}}],"collection":[{"href":"https:\/\/www.imer.mx\/tropicalisima\/wp-json\/wp\/v2\/posts"}],"about":[{"href":"https:\/\/www.imer.mx\/tropicalisima\/wp-json\/wp\/v2\/types\/post"}],"author":[{"embeddable":true,"href":"https:\/\/www.imer.mx\/tropicalisima\/wp-json\/wp\/v2\/users\/21"}],"replies":[{"embeddable":true,"href":"https:\/\/www.imer.mx\/tropicalisima\/wp-json\/wp\/v2\/comments?post=15876"}],"version-history":[{"count":0,"href":"https:\/\/www.imer.mx\/tropicalisima\/wp-json\/wp\/v2\/posts\/15876\/revisions"}],"wp:featuredmedia":[{"embeddable":true,"href":"https:\/\/www.imer.mx\/tropicalisima\/wp-json\/wp\/v2\/media\/15877"}],"wp:attachment":[{"href":"https:\/\/www.imer.mx\/tropicalisima\/wp-json\/wp\/v2\/media?parent=15876"}],"wp:term":[{"taxonomy":"category","embeddable":true,"href":"https:\/\/www.imer.mx\/tropicalisima\/wp-json\/wp\/v2\/categories?post=15876"},{"taxonomy":"post_tag","embeddable":true,"href":"https:\/\/www.imer.mx\/tropicalisima\/wp-json\/wp\/v2\/tags?post=15876"}],"curies":[{"name":"wp","href":"https:\/\/api.w.org\/{rel}","templated":true}]}}