{"id":15839,"date":"2020-10-03T06:00:05","date_gmt":"2020-10-03T11:00:05","guid":{"rendered":"https:\/\/www.imer.mx\/tropicalisima\/?p=15839"},"modified":"2020-10-02T14:06:26","modified_gmt":"2020-10-02T19:06:26","slug":"orquesta-cuban-salsa-anoranza-del-barbaro-del-ritmo","status":"publish","type":"post","link":"https:\/\/www.imer.mx\/tropicalisima\/orquesta-cuban-salsa-anoranza-del-barbaro-del-ritmo\/","title":{"rendered":"Orquesta Cuban Salsa &#8211; A\u00f1oranza del B\u00e1rbaro del Ritmo"},"content":{"rendered":"\n<p>Esta semana conoceremos un \u00e1lbum que homenajea a Benny Mor\u00e9.<\/p>\n\n\n\n<p>Tocando nuevas versiones de temas del &#8220;B\u00e1rbaro del Ritmo&#8221;, Cuban Salsa Orquesta y Benny Mor\u00e9 Jr se juntan para entregarnos un \u00e1lbum que seguro nos pondr\u00e1  a bailar.<\/p>\n\n\n\n<p>\n\nSin m\u00e1s, los invitamos a que escuchen este #PodcastEnExclusiva.\n\n<\/p>\n\n\n\n<figure class=\"wp-block-audio\"><audio controls src=\"https:\/\/www.imer.mx\/tropicalisima\/wp-content\/uploads\/sites\/19\/PODCAST-BENNY-MORE-JR.mp3\"><\/audio><\/figure>\n\n\n\n<p><\/p>\n","protected":false},"excerpt":{"rendered":"<p>Esta semana conoceremos un \u00e1lbum que homenajea a Benny Mor\u00e9. Tocando nuevas versiones de temas del &#8220;B\u00e1rbaro del Ritmo&#8221;, Cuban Salsa Orquesta y Benny Mor\u00e9 Jr se juntan para entregarnos un \u00e1lbum que seguro nos pondr\u00e1 a bailar. Sin m\u00e1s, los invitamos a que escuchen este #PodcastEnExclusiva.<\/p>\n","protected":false},"author":21,"featured_media":15841,"comment_status":"open","ping_status":"open","sticky":false,"template":"","format":"standard","meta":{"wp_popup_display_lightbox":0,"wp_popup_suppress":"","wp_popup_trigger":"","wp_popup_trigger_amount":0,"wp_popup_disable_on_mobile":false,"footnotes":""},"categories":[11],"tags":[51,52,45,50],"class_list":["post-15839","post","type-post","status-publish","format-standard","has-post-thumbnail","hentry","category-tropicalisima","tag-anoranza-del-barbaro-del-ritmo","tag-benny-more","tag-en-exclusiva","tag-orquesta-cuban-salsa","category-11","description-off"],"_links":{"self":[{"href":"https:\/\/www.imer.mx\/tropicalisima\/wp-json\/wp\/v2\/posts\/15839","targetHints":{"allow":["GET"]}}],"collection":[{"href":"https:\/\/www.imer.mx\/tropicalisima\/wp-json\/wp\/v2\/posts"}],"about":[{"href":"https:\/\/www.imer.mx\/tropicalisima\/wp-json\/wp\/v2\/types\/post"}],"author":[{"embeddable":true,"href":"https:\/\/www.imer.mx\/tropicalisima\/wp-json\/wp\/v2\/users\/21"}],"replies":[{"embeddable":true,"href":"https:\/\/www.imer.mx\/tropicalisima\/wp-json\/wp\/v2\/comments?post=15839"}],"version-history":[{"count":0,"href":"https:\/\/www.imer.mx\/tropicalisima\/wp-json\/wp\/v2\/posts\/15839\/revisions"}],"wp:featuredmedia":[{"embeddable":true,"href":"https:\/\/www.imer.mx\/tropicalisima\/wp-json\/wp\/v2\/media\/15841"}],"wp:attachment":[{"href":"https:\/\/www.imer.mx\/tropicalisima\/wp-json\/wp\/v2\/media?parent=15839"}],"wp:term":[{"taxonomy":"category","embeddable":true,"href":"https:\/\/www.imer.mx\/tropicalisima\/wp-json\/wp\/v2\/categories?post=15839"},{"taxonomy":"post_tag","embeddable":true,"href":"https:\/\/www.imer.mx\/tropicalisima\/wp-json\/wp\/v2\/tags?post=15839"}],"curies":[{"name":"wp","href":"https:\/\/api.w.org\/{rel}","templated":true}]}}