{"id":15831,"date":"2020-09-29T16:32:31","date_gmt":"2020-09-29T21:32:31","guid":{"rendered":"https:\/\/www.imer.mx\/tropicalisima\/?p=15831"},"modified":"2020-09-29T17:51:42","modified_gmt":"2020-09-29T22:51:42","slug":"artistas-tropicales-nominados-al-grammy-latino","status":"publish","type":"post","link":"https:\/\/www.imer.mx\/tropicalisima\/artistas-tropicales-nominados-al-grammy-latino\/","title":{"rendered":"Artistas tropicales nominados al Grammy Latino"},"content":{"rendered":"\n<p class=\"has-medium-font-size\">Se acerca la entrega anual n\u00famero\n21 de los premios LATIN GRAMMY, distinci\u00f3n internacional que celebra la\nexcelencia en la m\u00fasica latina y el \u00fanico galard\u00f3n otorgado entre profesionales\nde la canci\u00f3n. <\/p>\n\n\n\n<p class=\"has-medium-font-size\">Justo hoy 29 de septiembre\nfueron anunciados los nominados en las diferentes categor\u00edas y haremos especial\n\u00e9nfasis en los artistas tropicales que podr\u00edan recibir este galard\u00f3n.<\/p>\n\n\n\n<p class=\"has-medium-font-size\">En la premiaci\u00f3n de este a\u00f1o fueron\nseleccionados m\u00e1s de 18,000 aristas divididos en 53 categor\u00edas, de las cuales 6\nde ellas son del g\u00e9nero Tropical.<\/p>\n\n\n\n<p class=\"has-medium-font-size\">Mejor \u00e1lbum de salsa \/ Mejor\n\u00e1lbum de cumbia y\/o vallenato \/ Mejor \u00e1lbum de Merengue y\/o Bachata \/ Mejor\n\u00e1lbum tropical tradicional \/ Mejor \u00e1lbum tropical contempor\u00e1neo \/ Mejor canci\u00f3n\ntropical<\/p>\n\n\n\n<p class=\"has-medium-font-size\">Mejor \u00e1lbum de salsa el cual abarca diferentes g\u00e9neros afrocubanos como guaguanc\u00f3, son montuno, guaracha, son y otros ritmos m\u00e1s actuales como la timba. <\/p>\n\n\n\n<h3 class=\"wp-block-heading\"><br> Los nominados a mejor \u00e1lbum de salsa son:<\/h3>\n\n\n\n<ul class=\"wp-block-list\"><li>V\u00edctor Manuelle con \u201cMemorias de navidad\u201d.<\/li><li>Grupo Niche y su \u00e1lbum titulado \u201c40\u201d.<\/li><li>Tito Rojas con un gallo para la historia.<\/li><li>Puerto Rican Power y sus \u201c40 a\u00f1os de power\u201d<\/li><li>Charlie Cruz y su material \u201cTentanciones Vol. 1\u201d<\/li><\/ul>\n\n\n\n<h3 class=\"wp-block-heading\">Mejor \u00e1lbum de cumbia y\/o\nvallenato<\/h3>\n\n\n\n<ul class=\"wp-block-list\"><li>Binomio de Oro y su \u00e1lbum \u201cPor el mundo entero\u201d<\/li><li>Kvrass presentado \u201cDale play\u201d.<\/li><li>Jorge Celed\u00f3n y su trabajo: \u201cSigo\u201d<\/li><li>Karen Lizarazo con su \u00e1lbum \u201cVoz de mujer\u201d<\/li><\/ul>\n\n\n\n<h3 class=\"wp-block-heading\">Adem\u00e1s, en esta edici\u00f3n regresa una categor\u00eda aprobada meses atr\u00e1s despu\u00e9s cumplir los requisitos de inscripciones m\u00ednimas. Mejor \u00e1lbum de Merengue y\/o Bachata, participando en ella:<\/h3>\n\n\n\n<ul class=\"wp-block-list\"><li>Manny Cruz y su \u00e1lbum \u201cBailando Contigo\u201d<\/li><li>Grupo Man\u00eda con \u201cLos conquistadores\u201d<\/li><li>Eddy Herrera presentando su \u00e1lbum \u201cAhora\u201d.<\/li><li>Daniel Santacruz con \u201cLarimar\u201d<\/li><li>Jos\u00e9 Manuel Calder\u00f3n y su material: \u201cThe\ngenetics of bachata\u201d<\/li><\/ul>\n\n\n\n<h3 class=\"wp-block-heading\">Los g\u00e9neros como danz\u00f3n, bolero, chachach\u00e1, rumba y mambo conforman la categor\u00eda de mejor \u00e1lbum tropical tradicional, con nominados como:<\/h3>\n\n\n\n<ul class=\"wp-block-list\"><li>Orquesta Failde con su \u00e1lbum, \u201cFailde con\ntumbao\u201d.<\/li><li>Mariaca Sempr\u00fan, \u201cHomenaje a la Lupe\u201d<\/li><li>El \u00e1lbum icono de la orquesta Arag\u00f3n.<\/li><li>\u201cPa\u2019lante\u201d de Ernesto Fern\u00e1ndez<\/li><li>Chang\u00fc\u00ed de Guant\u00e1namo con su disco de \u201cEste es\nnuestro Chang\u00fc\u00ed\u201d<\/li><\/ul>\n\n\n\n<h3 class=\"wp-block-heading\">En mejor \u00e1lbum tropical contempor\u00e1neo\/fusi\u00f3n tropical<\/h3>\n\n\n\n<ul class=\"wp-block-list\"><li>Prince Royce con el \u00e1lbum titulado \u201cAlter Ego\u201d.<\/li><li>\u201cMariposas\u201d de Omara Portuondo<\/li><li>\u201cCumbiana\u201d de Carlos vives.<\/li><li>Riccie Oriach y su \u00e1lbum \u201cMi derriengue\u201d.<\/li><li>El disco \u201cEnerg\u00eda para regalar\u201d de El Caribefunk<\/li><\/ul>\n\n\n\n<h3 class=\"wp-block-heading\">Por \u00faltimo, est\u00e1 la categor\u00eda de\nMejor canci\u00f3n tropical<\/h3>\n\n\n\n<ul class=\"wp-block-list\"><li>El dueto de Rub\u00e9n Blades y Carlos vives con \u201cCanci\u00f3n\npara Rub\u00e9n\u201d<\/li><li>\u201cImaginarme sin ti\u201d, interpretada por Elvis\nCrespo y Manny Cruz.<\/li><li>Y basta ya, un sencillo de Pavel N\u00fa\u00f1ez.<\/li><li>\u201cB\u00fascame\u201d de Kanny Garc\u00eda y Carlos Vives<\/li><\/ul>\n\n\n\n<p class=\"has-medium-font-size\">La entrega de los Lat\u00edn Grammy\nse celebrar\u00e1 este 19 de noviembre culminando as\u00ed su entrega anual n\u00famero 21,\npremiando lo mejor de cada g\u00e9nero musical.<\/p>\n","protected":false},"excerpt":{"rendered":"<p>Se acerca la entrega anual n\u00famero 21 de los premios LATIN GRAMMY, distinci\u00f3n internacional que celebra la excelencia en la m\u00fasica latina y el \u00fanico galard\u00f3n otorgado entre profesionales de la canci\u00f3n. Justo hoy 29 de septiembre fueron anunciados los nominados en las diferentes categor\u00edas y haremos especial \u00e9nfasis en los artistas tropicales que podr\u00edan&hellip;<\/p>\n","protected":false},"author":21,"featured_media":15835,"comment_status":"open","ping_status":"open","sticky":false,"template":"","format":"standard","meta":{"wp_popup_display_lightbox":0,"wp_popup_suppress":"","wp_popup_trigger":"","wp_popup_trigger_amount":0,"wp_popup_disable_on_mobile":false,"footnotes":""},"categories":[11],"tags":[],"class_list":["post-15831","post","type-post","status-publish","format-standard","has-post-thumbnail","hentry","category-tropicalisima","category-11","description-off"],"_links":{"self":[{"href":"https:\/\/www.imer.mx\/tropicalisima\/wp-json\/wp\/v2\/posts\/15831","targetHints":{"allow":["GET"]}}],"collection":[{"href":"https:\/\/www.imer.mx\/tropicalisima\/wp-json\/wp\/v2\/posts"}],"about":[{"href":"https:\/\/www.imer.mx\/tropicalisima\/wp-json\/wp\/v2\/types\/post"}],"author":[{"embeddable":true,"href":"https:\/\/www.imer.mx\/tropicalisima\/wp-json\/wp\/v2\/users\/21"}],"replies":[{"embeddable":true,"href":"https:\/\/www.imer.mx\/tropicalisima\/wp-json\/wp\/v2\/comments?post=15831"}],"version-history":[{"count":0,"href":"https:\/\/www.imer.mx\/tropicalisima\/wp-json\/wp\/v2\/posts\/15831\/revisions"}],"wp:featuredmedia":[{"embeddable":true,"href":"https:\/\/www.imer.mx\/tropicalisima\/wp-json\/wp\/v2\/media\/15835"}],"wp:attachment":[{"href":"https:\/\/www.imer.mx\/tropicalisima\/wp-json\/wp\/v2\/media?parent=15831"}],"wp:term":[{"taxonomy":"category","embeddable":true,"href":"https:\/\/www.imer.mx\/tropicalisima\/wp-json\/wp\/v2\/categories?post=15831"},{"taxonomy":"post_tag","embeddable":true,"href":"https:\/\/www.imer.mx\/tropicalisima\/wp-json\/wp\/v2\/tags?post=15831"}],"curies":[{"name":"wp","href":"https:\/\/api.w.org\/{rel}","templated":true}]}}