{"id":15326,"date":"2020-04-01T05:30:44","date_gmt":"2020-04-01T11:30:44","guid":{"rendered":"https:\/\/www.imer.mx\/tropicalisima\/?p=15326"},"modified":"2020-03-31T14:19:58","modified_gmt":"2020-03-31T20:19:58","slug":"la-combi-completa-la-combinacion-de-la-habana","status":"publish","type":"post","link":"https:\/\/www.imer.mx\/tropicalisima\/la-combi-completa-la-combinacion-de-la-habana\/","title":{"rendered":"La combi completa &#8211; La Combinaci\u00f3n de la Habana"},"content":{"rendered":"\n<p class=\"has-medium-font-size\">Esta semana desmenuzaremos el nuevo disco de una agrupaci\u00f3n peruano-cubana. Hoy escucharemos algo de la llamada \u201cNueva timba cubana\u201d con los muchachos de \u201cLa Combinaci\u00f3n de la Habana\u201d<\/p>\n\n\n\n<p class=\"has-medium-font-size\">Bajo la direcci\u00f3n de Gerson Vald\u00e9s, sobrino del gran Chucho\nVald\u00e9s, \u201cla Combi\u201d como tambi\u00e9n es llamada, nos presenta su sexta producci\u00f3n de\nestudio titulada: \u201cLa Combi Completa\u201d<\/p>\n\n\n\n<p class=\"has-medium-font-size\">Esta orquesta de timba cubana naci\u00f3 en el 2005 y este 2020\ncelebra 15 a\u00f1os de hacer m\u00fasica, por eso est\u00e1 de manteles largos con su nevo\ndisco, una producci\u00f3n con 12 tracks que nos dan un recorrido por los \u00e9xitos del\nreggaet\u00f3n y la m\u00fasica urbana contempor\u00e1nea. <\/p>\n\n\n\n<p class=\"has-medium-font-size\">Este es el #PodcastEnExclusiva<\/p>\n\n\n\n<figure class=\"wp-block-audio\"><audio controls src=\"https:\/\/www.imer.mx\/tropicalisima\/wp-content\/uploads\/sites\/19\/PodcastLCDH.mp3\"><\/audio><\/figure>\n","protected":false},"excerpt":{"rendered":"<p>Esta semana desmenuzaremos el nuevo disco de una agrupaci\u00f3n peruano-cubana. Hoy escucharemos algo de la llamada \u201cNueva timba cubana\u201d con los muchachos de \u201cLa Combinaci\u00f3n de la Habana\u201d Bajo la direcci\u00f3n de Gerson Vald\u00e9s, sobrino del gran Chucho Vald\u00e9s, \u201cla Combi\u201d como tambi\u00e9n es llamada, nos presenta su sexta producci\u00f3n de estudio titulada: \u201cLa Combi&hellip;<\/p>\n","protected":false},"author":21,"featured_media":15327,"comment_status":"open","ping_status":"open","sticky":false,"template":"","format":"standard","meta":{"wp_popup_display_lightbox":0,"wp_popup_suppress":"","wp_popup_trigger":"","wp_popup_trigger_amount":0,"wp_popup_disable_on_mobile":false,"footnotes":""},"categories":[29],"tags":[],"class_list":["post-15326","post","type-post","status-publish","format-standard","has-post-thumbnail","hentry","category-en-exclusiva","category-29","description-off"],"_links":{"self":[{"href":"https:\/\/www.imer.mx\/tropicalisima\/wp-json\/wp\/v2\/posts\/15326","targetHints":{"allow":["GET"]}}],"collection":[{"href":"https:\/\/www.imer.mx\/tropicalisima\/wp-json\/wp\/v2\/posts"}],"about":[{"href":"https:\/\/www.imer.mx\/tropicalisima\/wp-json\/wp\/v2\/types\/post"}],"author":[{"embeddable":true,"href":"https:\/\/www.imer.mx\/tropicalisima\/wp-json\/wp\/v2\/users\/21"}],"replies":[{"embeddable":true,"href":"https:\/\/www.imer.mx\/tropicalisima\/wp-json\/wp\/v2\/comments?post=15326"}],"version-history":[{"count":0,"href":"https:\/\/www.imer.mx\/tropicalisima\/wp-json\/wp\/v2\/posts\/15326\/revisions"}],"wp:featuredmedia":[{"embeddable":true,"href":"https:\/\/www.imer.mx\/tropicalisima\/wp-json\/wp\/v2\/media\/15327"}],"wp:attachment":[{"href":"https:\/\/www.imer.mx\/tropicalisima\/wp-json\/wp\/v2\/media?parent=15326"}],"wp:term":[{"taxonomy":"category","embeddable":true,"href":"https:\/\/www.imer.mx\/tropicalisima\/wp-json\/wp\/v2\/categories?post=15326"},{"taxonomy":"post_tag","embeddable":true,"href":"https:\/\/www.imer.mx\/tropicalisima\/wp-json\/wp\/v2\/tags?post=15326"}],"curies":[{"name":"wp","href":"https:\/\/api.w.org\/{rel}","templated":true}]}}