{"id":15220,"date":"2020-03-09T05:30:17","date_gmt":"2020-03-09T11:30:17","guid":{"rendered":"https:\/\/www.imer.mx\/tropicalisima\/?p=15220"},"modified":"2020-03-07T13:45:07","modified_gmt":"2020-03-07T19:45:07","slug":"dia-del-dj","status":"publish","type":"post","link":"https:\/\/www.imer.mx\/tropicalisima\/dia-del-dj\/","title":{"rendered":"D\u00eda del DJ"},"content":{"rendered":"\n<p class=\"has-medium-font-size\">\u00a1Qu\u00e9 levanten la mano los que est\u00e1n de fiesta!<\/p>\n\n\n\n<p class=\"has-medium-font-size\">Hoy est\u00e1n de manteles largos los que le ponen el ambiente a\nla fiesta, me refiero a los DJs, y es el 9 de marzo de cada a\u00f1o se celebra el\nd\u00eda Internacional del DJ.<\/p>\n\n\n\n<p class=\"has-medium-font-size\">Esta fecha fue instituida en el a\u00f1o 2002 por la &#8220;World\nDJ Found&#8221; y por la ONG &#8220;Nordof Robbins Music Therapy&#8221;, como un\nhomenaje a aquellos artistas que dedican su tiempo y su talento a las mezclas\nmusicales.&nbsp;<\/p>\n\n\n\n<p class=\"has-medium-font-size\">El t\u00e9rmino &#8220;DJ&#8221; es el diminutivo para la palabra\n&#8220;Disc-Jockey&#8221;, y denomina a aquellas personas que seleccionan,\nreproducen y crean m\u00fasica ante una audiencia. Se considera como el primer DJ de\nla historia a Ray Newby en 1909. <\/p>\n\n\n\n<p class=\"has-medium-font-size\">En la actualidad existe controversia entre si un DJ debe ser\nconsiderado un m\u00fasico o no. El DJ debe conocer de g\u00e9neros, estilos y no\ncerrarse ante cualquier propuesta musical, su materia prima son las canciones,\nas\u00ed que entre m\u00e1s m\u00fasica conozca, mucha m\u00e1s libertad lograr\u00e1.<\/p>\n\n\n\n<p class=\"has-medium-font-size\">Por cierto, hablando de DJ\u2019s y mezclas no se pierdan la\nmejor m\u00fasica mezclada en Rumba Night, con nuestro DJ residente, el DJ RUMBA, todos\nlos viernes de 9 a 12 de la noche, tres horas de puro \u00e9xito al estilo de\nTropical\u00edsima 1350.<\/p>\n\n\n\n<p class=\"has-medium-font-size\">Felicidades a todos los DJ del mundo incluso a esos que dicen:\n\u00bfD\u00f3nde est\u00e1n las mujeres solteraaaaaaaaaaaaas?<\/p>\n","protected":false},"excerpt":{"rendered":"<p>\u00a1Qu\u00e9 levanten la mano los que est\u00e1n de fiesta! Hoy est\u00e1n de manteles largos los que le ponen el ambiente a la fiesta, me refiero a los DJs, y es el 9 de marzo de cada a\u00f1o se celebra el d\u00eda Internacional del DJ. Esta fecha fue instituida en el a\u00f1o 2002 por la &#8220;World&hellip;<\/p>\n","protected":false},"author":21,"featured_media":15222,"comment_status":"open","ping_status":"open","sticky":false,"template":"","format":"standard","meta":{"wp_popup_display_lightbox":0,"wp_popup_suppress":"","wp_popup_trigger":"","wp_popup_trigger_amount":0,"wp_popup_disable_on_mobile":false,"footnotes":""},"categories":[11],"tags":[],"class_list":["post-15220","post","type-post","status-publish","format-standard","has-post-thumbnail","hentry","category-tropicalisima","category-11","description-off"],"_links":{"self":[{"href":"https:\/\/www.imer.mx\/tropicalisima\/wp-json\/wp\/v2\/posts\/15220","targetHints":{"allow":["GET"]}}],"collection":[{"href":"https:\/\/www.imer.mx\/tropicalisima\/wp-json\/wp\/v2\/posts"}],"about":[{"href":"https:\/\/www.imer.mx\/tropicalisima\/wp-json\/wp\/v2\/types\/post"}],"author":[{"embeddable":true,"href":"https:\/\/www.imer.mx\/tropicalisima\/wp-json\/wp\/v2\/users\/21"}],"replies":[{"embeddable":true,"href":"https:\/\/www.imer.mx\/tropicalisima\/wp-json\/wp\/v2\/comments?post=15220"}],"version-history":[{"count":0,"href":"https:\/\/www.imer.mx\/tropicalisima\/wp-json\/wp\/v2\/posts\/15220\/revisions"}],"wp:featuredmedia":[{"embeddable":true,"href":"https:\/\/www.imer.mx\/tropicalisima\/wp-json\/wp\/v2\/media\/15222"}],"wp:attachment":[{"href":"https:\/\/www.imer.mx\/tropicalisima\/wp-json\/wp\/v2\/media?parent=15220"}],"wp:term":[{"taxonomy":"category","embeddable":true,"href":"https:\/\/www.imer.mx\/tropicalisima\/wp-json\/wp\/v2\/categories?post=15220"},{"taxonomy":"post_tag","embeddable":true,"href":"https:\/\/www.imer.mx\/tropicalisima\/wp-json\/wp\/v2\/tags?post=15220"}],"curies":[{"name":"wp","href":"https:\/\/api.w.org\/{rel}","templated":true}]}}