{"id":15205,"date":"2020-03-04T05:30:01","date_gmt":"2020-03-04T11:30:01","guid":{"rendered":"https:\/\/www.imer.mx\/tropicalisima\/?p=15205"},"modified":"2020-02-29T16:12:15","modified_gmt":"2020-02-29T22:12:15","slug":"noches-de-cabaret-sonora-santanera","status":"publish","type":"post","link":"https:\/\/www.imer.mx\/tropicalisima\/noches-de-cabaret-sonora-santanera\/","title":{"rendered":"Noches de Cabaret &#8211; Sonora Santanera"},"content":{"rendered":"\n<p class=\"has-medium-font-size\">Esta semana desmenuzaremos el nuevo disco de una legendaria\nagrupaci\u00f3n mexicana con 65 a\u00f1os de trayectoria, me refiero a la Sonora\nSantanera de Carlos Colorado.<\/p>\n\n\n\n<p class=\"has-medium-font-size\">Hoy reviviremos los cl\u00e1sicos eternos de la Santanera, pero\ncon en versiones bajo la voz de su cantante principal Mar\u00eda Fernanda e\ninvitados especiales<\/p>\n\n\n\n<p class=\"has-medium-font-size\">As\u00ed pues, podremos escuchar \u201cEl ladr\u00f3n\u201d con Cal\u00f3;\n\u201cLaberinto\u201d interpretada junto a Ximena Bringas; \u201cGracias Amor\u201d ejecutada en\ncompa\u00f1\u00eda de la Sonora Altepexana, adem\u00e1s de \u201cKumbala\u201d y \u201cPachuco\u201d \u2014estas \u00faltimas\nen compa\u00f1\u00eda de La Maldita Vecindad, con quienes tienen un proyecto alterno\nllamado \u201cVecindad Santanera\u201d.<\/p>\n\n\n\n<p class=\"has-medium-font-size\">Sin m\u00e1s, vamos a escuchar el nuevo disco de la Sonora Santanera de Carlos Colorado con Mar\u00eda Fernanda: Noches de Cabaret Volumen 2, en el #PodcastEnExclusiva<\/p>\n\n\n\n<figure class=\"wp-block-audio\"><audio controls src=\"https:\/\/www.imer.mx\/tropicalisima\/wp-content\/uploads\/sites\/19\/PodcastEnExclSSCCMafer.mp3\"><\/audio><\/figure>\n","protected":false},"excerpt":{"rendered":"<p>Esta semana desmenuzaremos el nuevo disco de una legendaria agrupaci\u00f3n mexicana con 65 a\u00f1os de trayectoria, me refiero a la Sonora Santanera de Carlos Colorado. Hoy reviviremos los cl\u00e1sicos eternos de la Santanera, pero con en versiones bajo la voz de su cantante principal Mar\u00eda Fernanda e invitados especiales As\u00ed pues, podremos escuchar \u201cEl ladr\u00f3n\u201d&hellip;<\/p>\n","protected":false},"author":21,"featured_media":15206,"comment_status":"open","ping_status":"open","sticky":false,"template":"","format":"standard","meta":{"wp_popup_display_lightbox":0,"wp_popup_suppress":"","wp_popup_trigger":"","wp_popup_trigger_amount":0,"wp_popup_disable_on_mobile":false,"footnotes":""},"categories":[11],"tags":[],"class_list":["post-15205","post","type-post","status-publish","format-standard","has-post-thumbnail","hentry","category-tropicalisima","category-11","description-off"],"_links":{"self":[{"href":"https:\/\/www.imer.mx\/tropicalisima\/wp-json\/wp\/v2\/posts\/15205","targetHints":{"allow":["GET"]}}],"collection":[{"href":"https:\/\/www.imer.mx\/tropicalisima\/wp-json\/wp\/v2\/posts"}],"about":[{"href":"https:\/\/www.imer.mx\/tropicalisima\/wp-json\/wp\/v2\/types\/post"}],"author":[{"embeddable":true,"href":"https:\/\/www.imer.mx\/tropicalisima\/wp-json\/wp\/v2\/users\/21"}],"replies":[{"embeddable":true,"href":"https:\/\/www.imer.mx\/tropicalisima\/wp-json\/wp\/v2\/comments?post=15205"}],"version-history":[{"count":0,"href":"https:\/\/www.imer.mx\/tropicalisima\/wp-json\/wp\/v2\/posts\/15205\/revisions"}],"wp:featuredmedia":[{"embeddable":true,"href":"https:\/\/www.imer.mx\/tropicalisima\/wp-json\/wp\/v2\/media\/15206"}],"wp:attachment":[{"href":"https:\/\/www.imer.mx\/tropicalisima\/wp-json\/wp\/v2\/media?parent=15205"}],"wp:term":[{"taxonomy":"category","embeddable":true,"href":"https:\/\/www.imer.mx\/tropicalisima\/wp-json\/wp\/v2\/categories?post=15205"},{"taxonomy":"post_tag","embeddable":true,"href":"https:\/\/www.imer.mx\/tropicalisima\/wp-json\/wp\/v2\/tags?post=15205"}],"curies":[{"name":"wp","href":"https:\/\/api.w.org\/{rel}","templated":true}]}}