{"id":9896,"date":"2014-09-23T19:04:15","date_gmt":"2014-09-24T00:04:15","guid":{"rendered":"http:\/\/www.imer.mx\/rmi\/?p=9896"},"modified":"2015-04-28T18:26:17","modified_gmt":"2015-04-28T23:26:17","slug":"a-donde-ir-a-la-exhacienda-de-coahuixtla-en-morelos","status":"publish","type":"post","link":"https:\/\/www.imer.mx\/rmi\/a-donde-ir-a-la-exhacienda-de-coahuixtla-en-morelos\/","title":{"rendered":"A donde ir&#8230; La Exhacienda de Coahuixtla en Morelos\u2026"},"content":{"rendered":"<p>&nbsp;<\/p>\n<p><img loading=\"lazy\" decoding=\"async\" class=\"alignnone size-medium wp-image-9925\" src=\"https:\/\/www.imer.mx\/rmi\/wp-content\/uploads\/sites\/3\/2014\/09\/4609-219x300.jpg\" alt=\"4609\" width=\"219\" height=\"300\" srcset=\"https:\/\/www.imer.mx\/rmi\/wp-content\/uploads\/sites\/3\/2014\/09\/4609-219x300.jpg 219w, https:\/\/www.imer.mx\/rmi\/wp-content\/uploads\/sites\/3\/2014\/09\/4609.jpg 703w\" sizes=\"auto, (max-width: 219px) 100vw, 219px\" \/><\/p>\n<p style=\"text-align: left\">Don Ren\u00e9 Salazar habla claro y con mucho entusiasmo y su mirada, un tanto cristalina, se pierde en el horizonte cuando se\u00f1ala los espacios de una extensi\u00f3n dif\u00edcil de imaginar, la que ten\u00edan los terrenos de siembra de la antigua hacienda ca\u00f1era de Coahuixtla, Morelos, la m\u00e1s grande de la regi\u00f3n y, a decir de \u00e9l, la m\u00e1s grande de todo el pa\u00eds. Don Ren\u00e9 naci\u00f3 ah\u00ed, muy cerquita, a s\u00f3lo unas calles del casco, en el pueblo de San Pedro Apatlaco, municipio de Villa de Ayala, en el oriente del estado de Morelos. Nunca le toco ver la hacienda en funcionamiento, pero jug\u00f3 y corri\u00f3 entre sus ruinas cuando era ni\u00f1o y ahora tiene la encomienda de vigilarla por decisi\u00f3n del Comisariado Ejidal, a cuyo cargo est\u00e1 lo que queda de ese viejo el edificio. Don Ren\u00e9, con ayuda de su esposa, se ocupa de orientar a los visitantes, de cobrarles los 10 pesos del boleto y de tener en funcionamiento algunos servicios indispensables como los ba\u00f1os y el estacionamiento.<\/p>\n<p style=\"text-align: left\">Es una grata experiencia conversar con \u00e9l y escuchar las historias que platica, las que le han contado, las que ha visto, las que son rumores y las que ha investigado en algunos libros, en folletos y tambi\u00e9n en internet. No es tan importante la exactitud del relato, la precisi\u00f3n del dato hist\u00f3rico, lo que se disfruta es el apego que tiene \u00e9l con el viejo edificio, el mismo que se adivina en otros habitantes del pueblecito que han vivido siempre a la vera de esas sombras ruinosas e imponentes.<\/p>\n<p style=\"text-align: left\"><a href=\"https:\/\/www.imer.mx\/rmi\/wp-content\/uploads\/sites\/3\/2014\/09\/palfeis.jpg\"><img loading=\"lazy\" decoding=\"async\" class=\"alignnone size-medium wp-image-9926\" src=\"https:\/\/www.imer.mx\/rmi\/wp-content\/uploads\/sites\/3\/2014\/09\/palfeis-300x156.jpg\" alt=\"palfeis\" width=\"300\" height=\"156\" srcset=\"https:\/\/www.imer.mx\/rmi\/wp-content\/uploads\/sites\/3\/2014\/09\/palfeis-300x156.jpg 300w, https:\/\/www.imer.mx\/rmi\/wp-content\/uploads\/sites\/3\/2014\/09\/palfeis-1024x533.jpg 1024w, https:\/\/www.imer.mx\/rmi\/wp-content\/uploads\/sites\/3\/2014\/09\/palfeis.jpg 1100w\" sizes=\"auto, (max-width: 300px) 100vw, 300px\" \/><\/a><\/p>\n<p style=\"text-align: left\">\u00a0 La Hacienda de Coahuixtla comenz\u00f3 a funcionar desde tiempos virreinales, fue manejada por una orden religiosa y despu\u00e9s pas\u00f3 a manos de particulares. Fue muy grande y cont\u00f3 con su propio ingenio, como tantas otras de las haciendas de la zona oriente de Morelos, una regi\u00f3n que lleg\u00f3 a ser la principal productora de az\u00facar a nivel mundial. Grandes fortunas se forjaron en aquellas tierras, porque la tecnolog\u00eda que se despleg\u00f3 durante el porfiriato para la fabricaci\u00f3n del az\u00facar fue impresionante y, sumada a la inauguraci\u00f3n del ferrocarril de Cuautla en la muy temprana fecha de 1880, permiti\u00f3 abrir el mercado internacional a los hacendados morelense y amilpe\u00f1os que se lanzaron con avidez sobre las tierras f\u00e9rtiles de los pueblos vecinos, reduciendo al m\u00ednimo sus posibilidades de sobrevivencia.<\/p>\n<p style=\"text-align: left\">La Revoluci\u00f3n cambi\u00f3 las cosas de manera definitiva y muy pronto borr\u00f3 la grandeza de Coahuixtla, una de las haciendas m\u00e1s cercanas a Villa de Ayala, Cuautla y Anenecuilco, importantes bastiones de la lucha zapatista. Algunos de los cascos de las antiguas haciendas azucareras de Morelos, est\u00e1n hoy convertidos en hoteles, restaurantes o fraccionamientos de lujo y son accesibles solamente para p\u00fablicos con un alto poder adquisitivo. No es este el caso de Coahuixtla. No es lujosa y los a\u00f1os hicieron desaparecer sus lujos y su belleza, pero tiene un encanto particular, un rumor de tiempos pasados: fantasmas de grandeza que se vuelven leyenda en la voz de Don Ren\u00e9 Salazar\u2026\u00a0 Les invitamos a escuchar la pl\u00e1tica que tuvimos con Don Ren\u00e9 Salazar en la ex hacienda de Coahuixtla, Morelos, en el audio que se encuentra bajo estas l\u00edneas.<\/p>\n<h3>Escucha el audio.<\/h3>\n<audio class=\"wp-audio-shortcode\" id=\"audio-9896-1\" preload=\"none\" style=\"width: 100%;\" controls=\"controls\"><source type=\"audio\/mpeg\" src=\"http:\/\/www.imer.gob.mx\/phpwrappers\/podcast\/apitrck\/uploads\/337\/coahuixtra_hacienda.mp3?_=1\" \/><a href=\"http:\/\/www.imer.gob.mx\/phpwrappers\/podcast\/apitrck\/uploads\/337\/coahuixtra_hacienda.mp3\">http:\/\/www.imer.gob.mx\/phpwrappers\/podcast\/apitrck\/uploads\/337\/coahuixtra_hacienda.mp3<\/a><\/audio>\n<p>&nbsp;<\/p>\n<p>&nbsp;<\/p>\n<p>&nbsp;<\/p>\n<p><a href=\"https:\/\/www.imer.mx\/rmi\/wp-content\/uploads\/sites\/3\/2014\/09\/4452.jpg\"><img loading=\"lazy\" decoding=\"async\" class=\"alignnone size-medium wp-image-9903\" src=\"https:\/\/www.imer.mx\/rmi\/wp-content\/uploads\/sites\/3\/2014\/09\/4452-200x300.jpg\" alt=\"4452\" width=\"200\" height=\"300\" srcset=\"https:\/\/www.imer.mx\/rmi\/wp-content\/uploads\/sites\/3\/2014\/09\/4452-200x300.jpg 200w, https:\/\/www.imer.mx\/rmi\/wp-content\/uploads\/sites\/3\/2014\/09\/4452.jpg 640w\" sizes=\"auto, (max-width: 200px) 100vw, 200px\" \/><\/a><a href=\"https:\/\/www.imer.mx\/rmi\/wp-content\/uploads\/sites\/3\/2014\/09\/4482.jpg\"><img loading=\"lazy\" decoding=\"async\" class=\"alignnone size-medium wp-image-9913\" src=\"https:\/\/www.imer.mx\/rmi\/wp-content\/uploads\/sites\/3\/2014\/09\/4482-300x194.jpg\" alt=\"4482\" width=\"300\" height=\"194\" srcset=\"https:\/\/www.imer.mx\/rmi\/wp-content\/uploads\/sites\/3\/2014\/09\/4482-300x194.jpg 300w, https:\/\/www.imer.mx\/rmi\/wp-content\/uploads\/sites\/3\/2014\/09\/4482.jpg 960w\" sizes=\"auto, (max-width: 300px) 100vw, 300px\" \/><\/a><\/p>\n<p style=\"text-align: left\">\u00a0<a href=\"https:\/\/www.imer.mx\/rmi\/wp-content\/uploads\/sites\/3\/2014\/09\/4478.jpg\"><img loading=\"lazy\" decoding=\"async\" class=\"alignnone size-medium wp-image-9912\" src=\"https:\/\/www.imer.mx\/rmi\/wp-content\/uploads\/sites\/3\/2014\/09\/4478-300x200.jpg\" alt=\"4478\" width=\"300\" height=\"200\" srcset=\"https:\/\/www.imer.mx\/rmi\/wp-content\/uploads\/sites\/3\/2014\/09\/4478-300x200.jpg 300w, https:\/\/www.imer.mx\/rmi\/wp-content\/uploads\/sites\/3\/2014\/09\/4478.jpg 960w\" sizes=\"auto, (max-width: 300px) 100vw, 300px\" \/><\/a><a href=\"https:\/\/www.imer.mx\/rmi\/wp-content\/uploads\/sites\/3\/2014\/09\/4448.jpg\"><img loading=\"lazy\" decoding=\"async\" class=\"alignnone size-medium wp-image-9900\" src=\"https:\/\/www.imer.mx\/rmi\/wp-content\/uploads\/sites\/3\/2014\/09\/4448-200x300.jpg\" alt=\"4448\" width=\"200\" height=\"300\" srcset=\"https:\/\/www.imer.mx\/rmi\/wp-content\/uploads\/sites\/3\/2014\/09\/4448-200x300.jpg 200w, https:\/\/www.imer.mx\/rmi\/wp-content\/uploads\/sites\/3\/2014\/09\/4448.jpg 640w\" sizes=\"auto, (max-width: 200px) 100vw, 200px\" \/><\/a><\/p>\n<p style=\"text-align: left\"><a href=\"https:\/\/www.imer.mx\/rmi\/wp-content\/uploads\/sites\/3\/2014\/09\/4453.jpg\"><img loading=\"lazy\" decoding=\"async\" class=\"alignnone size-medium wp-image-9910\" src=\"https:\/\/www.imer.mx\/rmi\/wp-content\/uploads\/sites\/3\/2014\/09\/4453-200x300.jpg\" alt=\"4453\" width=\"200\" height=\"300\" srcset=\"https:\/\/www.imer.mx\/rmi\/wp-content\/uploads\/sites\/3\/2014\/09\/4453-200x300.jpg 200w, https:\/\/www.imer.mx\/rmi\/wp-content\/uploads\/sites\/3\/2014\/09\/4453.jpg 640w\" sizes=\"auto, (max-width: 200px) 100vw, 200px\" \/><\/a><a href=\"https:\/\/www.imer.mx\/rmi\/wp-content\/uploads\/sites\/3\/2014\/09\/4455.jpg\"><img loading=\"lazy\" decoding=\"async\" class=\"alignnone size-medium wp-image-9911\" src=\"https:\/\/www.imer.mx\/rmi\/wp-content\/uploads\/sites\/3\/2014\/09\/4455-200x300.jpg\" alt=\"4455\" width=\"200\" height=\"300\" srcset=\"https:\/\/www.imer.mx\/rmi\/wp-content\/uploads\/sites\/3\/2014\/09\/4455-200x300.jpg 200w, https:\/\/www.imer.mx\/rmi\/wp-content\/uploads\/sites\/3\/2014\/09\/4455.jpg 640w\" sizes=\"auto, (max-width: 200px) 100vw, 200px\" \/><\/a><\/p>\n<p style=\"text-align: left\">Fotos: Enrique Rivera<\/p>\n","protected":false},"excerpt":{"rendered":"<p>Don Ren\u00e9 Salazar habla claro y con mucho entusiasmo y su mirada, un tanto cristalina, se pierde en el horizonte cuando se\u00f1ala los espacios de una extensi\u00f3n dif\u00edcil de imaginar, la que ten\u00edan los terrenos de siembra de la antigua hacienda ca\u00f1era de Coahuixtla, Morelos, la m\u00e1s grande de la regi\u00f3n y, a decir de \u00e9l, la m\u00e1s grande de todo el pa\u00eds. Don Ren\u00e9 naci\u00f3 ah\u00ed, muy cerquita, a s\u00f3lo unas calles del casco, en el pueblo de San Pedro Apatlaco, municipio de Villa de Ayala, en el oriente del estado de Morelos. <\/p>\n<p>Leer m\u00e1s y escuchar, click en el t\u00edtulo.<\/p>\n","protected":false},"author":34,"featured_media":9898,"comment_status":"closed","ping_status":"closed","sticky":false,"template":"","format":"standard","meta":{"wp_popup_display_lightbox":0,"wp_popup_suppress":"","wp_popup_trigger":"","wp_popup_trigger_amount":0,"wp_popup_disable_on_mobile":false,"footnotes":""},"categories":[8,3],"tags":[],"class_list":["post-9896","post","type-post","status-publish","format-standard","has-post-thumbnail","hentry","category-destacados","category-radiomexicointernacional","category-8","category-3","description-off"],"_links":{"self":[{"href":"https:\/\/www.imer.mx\/rmi\/wp-json\/wp\/v2\/posts\/9896","targetHints":{"allow":["GET"]}}],"collection":[{"href":"https:\/\/www.imer.mx\/rmi\/wp-json\/wp\/v2\/posts"}],"about":[{"href":"https:\/\/www.imer.mx\/rmi\/wp-json\/wp\/v2\/types\/post"}],"author":[{"embeddable":true,"href":"https:\/\/www.imer.mx\/rmi\/wp-json\/wp\/v2\/users\/34"}],"replies":[{"embeddable":true,"href":"https:\/\/www.imer.mx\/rmi\/wp-json\/wp\/v2\/comments?post=9896"}],"version-history":[{"count":0,"href":"https:\/\/www.imer.mx\/rmi\/wp-json\/wp\/v2\/posts\/9896\/revisions"}],"wp:featuredmedia":[{"embeddable":true,"href":"https:\/\/www.imer.mx\/rmi\/wp-json\/wp\/v2\/media\/9898"}],"wp:attachment":[{"href":"https:\/\/www.imer.mx\/rmi\/wp-json\/wp\/v2\/media?parent=9896"}],"wp:term":[{"taxonomy":"category","embeddable":true,"href":"https:\/\/www.imer.mx\/rmi\/wp-json\/wp\/v2\/categories?post=9896"},{"taxonomy":"post_tag","embeddable":true,"href":"https:\/\/www.imer.mx\/rmi\/wp-json\/wp\/v2\/tags?post=9896"}],"curies":[{"name":"wp","href":"https:\/\/api.w.org\/{rel}","templated":true}]}}