{"id":989,"date":"2012-10-22T16:37:14","date_gmt":"2012-10-22T21:37:14","guid":{"rendered":"http:\/\/radiomexicointernacional.imer.gob.mx\/wordpress\/entrevista-con-alfredo-hinojosa-ganador-del-premio-bellas-artes-de-dramaturgia-2012\/"},"modified":"2012-10-22T16:37:14","modified_gmt":"2012-10-22T21:37:14","slug":"entrevista-con-alfredo-hinojosa-ganador-del-premio-bellas-artes-de-dramaturgia-2012","status":"publish","type":"post","link":"https:\/\/www.imer.mx\/rmi\/entrevista-con-alfredo-hinojosa-ganador-del-premio-bellas-artes-de-dramaturgia-2012\/","title":{"rendered":"Entrevista con Alfredo Hinojosa, ganador del Premio Bellas Artes de la Dramatugia 2012"},"content":{"rendered":"<p><img loading=\"lazy\" decoding=\"async\" style=\"margin: 10px;float: right\" alt=\"alfredohinojosaweb\" src=\"http:\/\/radiomexicointernacional.imer.gob.mx\/wordpress\/wp-content\/uploads\/alfredohinojosaweb.jpg\" width=\"180\" height=\"180\" \/>Hugo Alfredo Hinojosa, ganador del Premio Bellas Artes de Dramaturgia \u00a0El Premio Bellas Artes Mexicali de Dramaturgia promueve, desde 1977, la creaci\u00f3n dram\u00e1tica in\u00e9dita, escrita en espa\u00f1ol y que no haya sido representada. A partir de 1991 convoca a escritores mexicanos y extranjeros residentes en el pa\u00eds.La obra del escritor tijuanense result\u00f3 ganadora por ser una dramaturgia propositiva que recae en la construcci\u00f3n de personajes s\u00f3lidos, complejos y vulnerables, adem\u00e1s de la creaci\u00f3n de atm\u00f3sferas interesantes y la exposici\u00f3n de la otredad en el teatro. Es una obra que reflexiona profundamente sobre la soledad y el abandono.<\/p>\n<p><em><strong>Entrevista con Hugo Alfredo Hinojosa<\/strong><\/em><\/p>\n<p>&nbsp;<\/p>\n","protected":false},"excerpt":{"rendered":"<p>Hugo Alfredo Hinojosa, ganador del Premio Bellas Artes de Dramaturgia \u00a0El Premio Bellas Artes Mexicali de Dramaturgia promueve, desde 1977, la creaci\u00f3n dram\u00e1tica in\u00e9dita, escrita en espa\u00f1ol y que no haya sido representada. A partir de 1991 convoca a escritores mexicanos y extranjeros residentes en el pa\u00eds.La obra del escritor tijuanense result\u00f3 ganadora por ser&hellip;<\/p>\n","protected":false},"author":1,"featured_media":988,"comment_status":"closed","ping_status":"closed","sticky":false,"template":"","format":"audio","meta":{"wp_popup_display_lightbox":0,"wp_popup_suppress":"","wp_popup_trigger":"","wp_popup_trigger_amount":0,"wp_popup_disable_on_mobile":false,"footnotes":""},"categories":[9,3],"tags":[],"class_list":["post-989","post","type-post","status-publish","format-audio","has-post-thumbnail","hentry","category-entrevistas","category-radiomexicointernacional","post_format-post-format-audio","category-9","category-3","description-off"],"_links":{"self":[{"href":"https:\/\/www.imer.mx\/rmi\/wp-json\/wp\/v2\/posts\/989","targetHints":{"allow":["GET"]}}],"collection":[{"href":"https:\/\/www.imer.mx\/rmi\/wp-json\/wp\/v2\/posts"}],"about":[{"href":"https:\/\/www.imer.mx\/rmi\/wp-json\/wp\/v2\/types\/post"}],"author":[{"embeddable":true,"href":"https:\/\/www.imer.mx\/rmi\/wp-json\/wp\/v2\/users\/1"}],"replies":[{"embeddable":true,"href":"https:\/\/www.imer.mx\/rmi\/wp-json\/wp\/v2\/comments?post=989"}],"version-history":[{"count":0,"href":"https:\/\/www.imer.mx\/rmi\/wp-json\/wp\/v2\/posts\/989\/revisions"}],"wp:featuredmedia":[{"embeddable":true,"href":"https:\/\/www.imer.mx\/rmi\/wp-json\/wp\/v2\/media\/988"}],"wp:attachment":[{"href":"https:\/\/www.imer.mx\/rmi\/wp-json\/wp\/v2\/media?parent=989"}],"wp:term":[{"taxonomy":"category","embeddable":true,"href":"https:\/\/www.imer.mx\/rmi\/wp-json\/wp\/v2\/categories?post=989"},{"taxonomy":"post_tag","embeddable":true,"href":"https:\/\/www.imer.mx\/rmi\/wp-json\/wp\/v2\/tags?post=989"}],"curies":[{"name":"wp","href":"https:\/\/api.w.org\/{rel}","templated":true}]}}