{"id":9837,"date":"2014-08-22T17:56:44","date_gmt":"2014-08-22T22:56:44","guid":{"rendered":"http:\/\/www.imer.mx\/rmi\/?p=9837"},"modified":"2014-08-22T17:56:44","modified_gmt":"2014-08-22T22:56:44","slug":"tehua-eres-tu-por-siempre","status":"publish","type":"post","link":"https:\/\/www.imer.mx\/rmi\/tehua-eres-tu-por-siempre\/","title":{"rendered":"Tehua&#8230;eres &#8220;T\u00fa&#8221; por siempre"},"content":{"rendered":"<p><a href=\"https:\/\/www.imer.mx\/rmi\/wp-content\/uploads\/sites\/3\/2014\/08\/tehua_1.jpg\"><img loading=\"lazy\" decoding=\"async\" class=\"alignnone size-medium wp-image-9840\" src=\"https:\/\/www.imer.mx\/rmi\/wp-content\/uploads\/sites\/3\/2014\/08\/tehua_1-224x300.jpg\" alt=\"tehua_1\" width=\"224\" height=\"300\" srcset=\"https:\/\/www.imer.mx\/rmi\/wp-content\/uploads\/sites\/3\/2014\/08\/tehua_1-224x300.jpg 224w, https:\/\/www.imer.mx\/rmi\/wp-content\/uploads\/sites\/3\/2014\/08\/tehua_1.jpg 350w\" sizes=\"auto, (max-width: 224px) 100vw, 224px\" \/><\/a><\/p>\n<p>&nbsp;<\/p>\n<p>Artesana de la vida, cantante de historias que nos han acompa\u00f1ado siempre, Mar\u00eda del Rosario Graciela Rayas Trejo, que eligi\u00f3 llamarse, simplemente, Tehua (que en n\u00e1huatl quiere decir \u201ct\u00fa\u201d), falleci\u00f3 el 21 de agosto a los 71 a\u00f1os de edad.<\/p>\n<p>Nacida en Quer\u00e9taro, creci\u00f3 en San Miguel de Allende y lleg\u00f3 a vivir a la Ciudad de M\u00e9xico en 1969. Fue una de las m\u00e1s grandes exponentes de la m\u00fasica tradicional mexicana, con un canto tan melodioso y de un color tan particular que Jaime Sabines le dijo que era due\u00f1a de \u201cuna voz abusadora de los p\u00e1jaros&#8221;. A lo largo de 50 a\u00f1os de carrera form\u00f3 un fin\u00edsimo repertorio, que mantuvo vivas las piezas fundamentales del antiguo cancionero mexicano.<\/p>\n<p>En mayo de este a\u00f1o, en la celebraci\u00f3n, precisamente, de sus cincuenta a\u00f1os como cantante, Tehua coment\u00f3 que la m\u00fasica fue un rescate para ella. \u201cLa m\u00fasica all\u00ed est\u00e1, yo no puedo presumir que rescat\u00e9 a la m\u00fasica mexicana tradicional, yo no la he rescatado, yo la he repetido y gracias a ello yo he sido rescatada por la m\u00fasica\u201d.<\/p>\n<p>Alejada de lo comercial, Tehua supo acercarse a un p\u00fablico \u00e1vido de buena m\u00fasica y grab\u00f3 varios discos, algunos de ellos en colaboraci\u00f3n con artistas entra\u00f1ables, ya ausentes, como Amparo Ochoa y Chava Flores. Tehua fue muy querida y reconocida por sus compa\u00f1eros. En 2008, en un concierto colectivo en el que comparti\u00f3 escenario con varios interpretes de la canci\u00f3n mexicana tras un periodo de retiro por motivos de salud, el compositor Rafael Mendoza dijo de ella: \u201cTehua es una voz muy importante y peculiar. El puente que tiende entre la m\u00fasica tradicional y la contempor\u00e1nea es una responsabilidad grande y eso lo hace con solvencia. Y \u00d3scar Ch\u00e1vez elogio de ella \u201cla necedad necesaria para seguir en lo mismo\u201d y cerr\u00f3 ese d\u00eda su actuaci\u00f3n dirigi\u00e9ndole estas palabras: \u201c\u00a1Viva la rabia! \u00a1Viva el cari\u00f1o! \u00a1Viva la defensa de nuestra cultura y de nuestro pa\u00eds! Estamos aqu\u00ed para no olvidar nuestras canciones memorables\u201d.<\/p>\n<p>Descanse en paz la querida Tehua y quede por siempre en nuestros o\u00eddos, su voz, su recuerdo&#8230;<\/p>\n<p>&nbsp;<\/p>\n","protected":false},"excerpt":{"rendered":"<p>Artesana de la vida, cantante de historias que nos han acompa\u00f1ado siempre, Mar\u00eda del Rosario Graciela Rayas Trejo, que eligi\u00f3 llamarse, simplemente, Tehua (que en n\u00e1huatl quiere decir \u201ct\u00fa\u201d), falleci\u00f3 el 21 de agosto a los 71 a\u00f1os de edad.<\/p>\n<p>Leer m\u00e1s y escuchar, click en el t\u00edtulo.<\/p>\n","protected":false},"author":34,"featured_media":9839,"comment_status":"closed","ping_status":"closed","sticky":false,"template":"","format":"standard","meta":{"wp_popup_display_lightbox":0,"wp_popup_suppress":"","wp_popup_trigger":"","wp_popup_trigger_amount":0,"wp_popup_disable_on_mobile":false,"footnotes":""},"categories":[8,3],"tags":[],"class_list":["post-9837","post","type-post","status-publish","format-standard","has-post-thumbnail","hentry","category-destacados","category-radiomexicointernacional","category-8","category-3","description-off"],"_links":{"self":[{"href":"https:\/\/www.imer.mx\/rmi\/wp-json\/wp\/v2\/posts\/9837","targetHints":{"allow":["GET"]}}],"collection":[{"href":"https:\/\/www.imer.mx\/rmi\/wp-json\/wp\/v2\/posts"}],"about":[{"href":"https:\/\/www.imer.mx\/rmi\/wp-json\/wp\/v2\/types\/post"}],"author":[{"embeddable":true,"href":"https:\/\/www.imer.mx\/rmi\/wp-json\/wp\/v2\/users\/34"}],"replies":[{"embeddable":true,"href":"https:\/\/www.imer.mx\/rmi\/wp-json\/wp\/v2\/comments?post=9837"}],"version-history":[{"count":0,"href":"https:\/\/www.imer.mx\/rmi\/wp-json\/wp\/v2\/posts\/9837\/revisions"}],"wp:featuredmedia":[{"embeddable":true,"href":"https:\/\/www.imer.mx\/rmi\/wp-json\/wp\/v2\/media\/9839"}],"wp:attachment":[{"href":"https:\/\/www.imer.mx\/rmi\/wp-json\/wp\/v2\/media?parent=9837"}],"wp:term":[{"taxonomy":"category","embeddable":true,"href":"https:\/\/www.imer.mx\/rmi\/wp-json\/wp\/v2\/categories?post=9837"},{"taxonomy":"post_tag","embeddable":true,"href":"https:\/\/www.imer.mx\/rmi\/wp-json\/wp\/v2\/tags?post=9837"}],"curies":[{"name":"wp","href":"https:\/\/api.w.org\/{rel}","templated":true}]}}