{"id":8559,"date":"2015-05-05T05:00:03","date_gmt":"2015-05-05T10:00:03","guid":{"rendered":"http:\/\/www.imer.mx\/rmi\/?p=8559"},"modified":"2015-05-05T13:40:01","modified_gmt":"2015-05-05T18:40:01","slug":"que-leer-la-hora-de-la-verdad-la-batalla-del-5-de-mayo-de-victor-hugo-flores-solis","status":"publish","type":"post","link":"https:\/\/www.imer.mx\/rmi\/que-leer-la-hora-de-la-verdad-la-batalla-del-5-de-mayo-de-victor-hugo-flores-solis\/","title":{"rendered":"Qu\u00e9 leer&#8230; \u201cLa hora de la verdad. La batalla del 5 de mayo\u201d, de V\u00edctor Hugo Flores Sol\u00eds"},"content":{"rendered":"<p><img loading=\"lazy\" decoding=\"async\" class=\"alignleft\" src=\"https:\/\/www.imer.mx\/rmi\/wp-content\/uploads\/sites\/3\/2014\/05\/que_leer_victor_flores_01.jpg\" alt=\"que_leer_victor_flores_01\" width=\"302\" height=\"218\" \/>Acueyametepec, es el nombre prehisp\u00e1nico de un cerro que se encuentra junto a la actual ciudad de Puebla, un cerro que m\u00e1s adelante fue conocido como de San Cristobal o de Belem y en cuya cima se construyeron dos templos que, andando el tiempo, fueron convertidos en fuertes militares conservando el nombre de las v\u00edrgenes a las que estaban dedicados: la de Loreto y la de Guadalupe. El 5 de mayo de 1862, ese cerro y esos fuertes sirvieron como escenario para una de las batallas m\u00e1s encarnizadas de la historia de M\u00e9xico, una batalla desigual en la que el Ej\u00e9rcito Mexicano de Oriente, al mando del General Ignacio Zaragoza, defendi\u00f3 la soberan\u00eda nacional frente a las tropas invasoras francesas comandadas por el General Conde de Lorenzes, quien unos d\u00edas antes hab\u00eda enviado un mensaje a su emperador en los siguientes t\u00e9rminos: \u201cSomos, dec\u00eda, tan superiores a los mexicanos en organizaci\u00f3n, disciplina, raza, moral y refinamiento de sensibilidades, que ruego anunciarle a su Majestad Imperial Napole\u00f3n III, que a partir de este momento y al mando de nuestros 6 mil valientes soldados, ya soy due\u00f1o de M\u00e9xico\u201d. <img loading=\"lazy\" decoding=\"async\" class=\"alignright\" src=\"https:\/\/www.imer.mx\/rmi\/wp-content\/uploads\/sites\/3\/2014\/05\/que_leer_victor_flores_06.jpg\" alt=\"que_leer_victor_flores_06\" width=\"227\" height=\"277\" \/>La historia fue otra y lo sabemos, ese d\u00eda, el 5 de mayo de 1862 (un lunes en el que llovi\u00f3 en la ciudad de Puebla), las tropas francesas fueron derrotadas en una batalla que comenz\u00f3 al mediod\u00eda y que se desarroll\u00f3 en tres ataque frontales de los franceses que fueron rechazados ferozmente por los soldados mexicanos. Esta historia, que se puede resumir as\u00ed, en unas cuantas l\u00edneas, tiene tras de s\u00ed el esfuerzo, los anhelos, las inquietudes, las decisiones y la valent\u00eda de muchos mexicanos y esto es lo que recientemente relat\u00f3 en una novela el escritor V\u00edctor Hugo Flores Sol\u00eds, un hombre apasionado de este periodo de nuestra historia y que est\u00e1 convencido de que es necesario tender puentes con los afanes de esos tiempos para conocer mejor a quienes construyeron la historia de nuestra naci\u00f3n en ese momento decisivo. Su libro de llama \u201cLa hora de la verdad: La Batalla del 5 de mayo\u201d y en \u00e9l relata, en forma novelada y mezclando la ficci\u00f3n con una investigaci\u00f3n hist\u00f3rica muy cuidadosa, lo que ocurri\u00f3 en esa fecha y las acciones heroicas de quienes estuvieron ah\u00ed. Dice V\u00edctor Hugo Flores Sol\u00eds: \u201cEse 5 de mayo se escribi\u00f3 una historia distinta en M\u00e9xico: se ciment\u00f3 la naci\u00f3n, se habit\u00f3 la dignidad, se hizo gala de f\u00e9rrea y entera voluntad, se venci\u00f3 al ej\u00e9rcito m\u00e1s poderoso del orbe y se forjaron h\u00e9roes. Ese 5 de mayo, para M\u00e9xico, fue la hora de la verdad\u201d. Les invitamos a buscar y leer esta novela y a escuchar (en el audio que se encuentra bajo estas l\u00edneas) la entrevista que RMI tuvo con su autor.<\/p>\n<p>&nbsp;<\/p>\n<h3>Escucha el audio.<\/h3>\n<audio class=\"wp-audio-shortcode\" id=\"audio-8559-1\" preload=\"none\" style=\"width: 100%;\" controls=\"controls\"><source type=\"audio\/mpeg\" src=\"http:\/\/www.imer.gob.mx\/phpwrappers\/podcast\/apitrck\/uploads\/339\/5mayo.mp3?_=1\" \/><a href=\"http:\/\/www.imer.gob.mx\/phpwrappers\/podcast\/apitrck\/uploads\/339\/5mayo.mp3\">http:\/\/www.imer.gob.mx\/phpwrappers\/podcast\/apitrck\/uploads\/339\/5mayo.mp3<\/a><\/audio>\n<p>&nbsp;<\/p>\n<p>&nbsp;<\/p>\n<p><img loading=\"lazy\" decoding=\"async\" class=\"alignleft\" src=\"https:\/\/www.imer.mx\/rmi\/wp-content\/uploads\/sites\/3\/2014\/05\/que_leer_victor_flores_02.jpg\" alt=\"que_leer_victor_flores_02\" width=\"296\" height=\"212\" \/><br \/>\n<img loading=\"lazy\" decoding=\"async\" class=\"aligncenter\" src=\"https:\/\/www.imer.mx\/rmi\/wp-content\/uploads\/sites\/3\/2014\/05\/que_leer_victor_flores_05.jpg\" alt=\"que_leer_victor_flores_05\" width=\"232\" height=\"250\" \/><br \/>\n<img loading=\"lazy\" decoding=\"async\" class=\"alignleft\" src=\"https:\/\/www.imer.mx\/rmi\/wp-content\/uploads\/sites\/3\/2014\/05\/que_leer_victor_flores_04.jpg\" alt=\"que_leer_victor_flores_04\" width=\"256\" height=\"256\" \/><\/p>\n<p>&nbsp;<\/p>\n","protected":false},"excerpt":{"rendered":"<p>Acueyametepec, es el nombre prehisp\u00e1nico de un cerro que se encuentra junto a la actual ciudad de Puebla, un cerro que m\u00e1s adelante fue conocido como de San Cristobal o de Belem y en cuya cima se construyeron dos templos que, andando el tiempo, fueron convertidos en fuertes militares conservando el nombre de las v\u00edrgenes a las que estaban dedicados: la de Loreto y la de Guadalupe&#8230;<br \/>\nLeer m\u00e1s y escuchar, click en el t\u00edtulo.<\/p>\n","protected":false},"author":1,"featured_media":8567,"comment_status":"closed","ping_status":"closed","sticky":false,"template":"","format":"standard","meta":{"wp_popup_display_lightbox":0,"wp_popup_suppress":"","wp_popup_trigger":"","wp_popup_trigger_amount":0,"wp_popup_disable_on_mobile":false,"footnotes":""},"categories":[8,3],"tags":[],"class_list":["post-8559","post","type-post","status-publish","format-standard","has-post-thumbnail","hentry","category-destacados","category-radiomexicointernacional","category-8","category-3","description-off"],"_links":{"self":[{"href":"https:\/\/www.imer.mx\/rmi\/wp-json\/wp\/v2\/posts\/8559","targetHints":{"allow":["GET"]}}],"collection":[{"href":"https:\/\/www.imer.mx\/rmi\/wp-json\/wp\/v2\/posts"}],"about":[{"href":"https:\/\/www.imer.mx\/rmi\/wp-json\/wp\/v2\/types\/post"}],"author":[{"embeddable":true,"href":"https:\/\/www.imer.mx\/rmi\/wp-json\/wp\/v2\/users\/1"}],"replies":[{"embeddable":true,"href":"https:\/\/www.imer.mx\/rmi\/wp-json\/wp\/v2\/comments?post=8559"}],"version-history":[{"count":0,"href":"https:\/\/www.imer.mx\/rmi\/wp-json\/wp\/v2\/posts\/8559\/revisions"}],"wp:featuredmedia":[{"embeddable":true,"href":"https:\/\/www.imer.mx\/rmi\/wp-json\/wp\/v2\/media\/8567"}],"wp:attachment":[{"href":"https:\/\/www.imer.mx\/rmi\/wp-json\/wp\/v2\/media?parent=8559"}],"wp:term":[{"taxonomy":"category","embeddable":true,"href":"https:\/\/www.imer.mx\/rmi\/wp-json\/wp\/v2\/categories?post=8559"},{"taxonomy":"post_tag","embeddable":true,"href":"https:\/\/www.imer.mx\/rmi\/wp-json\/wp\/v2\/tags?post=8559"}],"curies":[{"name":"wp","href":"https:\/\/api.w.org\/{rel}","templated":true}]}}