{"id":8539,"date":"2018-05-03T02:38:15","date_gmt":"2018-05-03T07:38:15","guid":{"rendered":"http:\/\/www.imer.mx\/rmi\/?p=8539"},"modified":"2019-06-14T11:08:02","modified_gmt":"2019-06-14T16:08:02","slug":"asi-lo-festejamos-una-pequena-cronica-del-3-de-mayo-dia-de-la-santa-cruz","status":"publish","type":"post","link":"https:\/\/www.imer.mx\/rmi\/asi-lo-festejamos-una-pequena-cronica-del-3-de-mayo-dia-de-la-santa-cruz\/","title":{"rendered":"Cr\u00f3nica del 3 de mayo, D\u00eda de la Santa Cruz"},"content":{"rendered":"<p><img loading=\"lazy\" decoding=\"async\" class=\"alignleft\" src=\"https:\/\/www.imer.mx\/rmi\/wp-content\/uploads\/sites\/3\/2014\/05\/santa_cruz_01.jpg\" alt=\"santa_cruz_01\" width=\"198\" height=\"300\">El d\u00eda 3 de mayo se festeja, dentro del calendario ritual cat\u00f3lico, el D\u00eda de la Santa Cruz y esta es una conmemoraci\u00f3n muy importante en M\u00e9xico. Es sabido que ese es el d\u00eda dedicado a los trabajadores de la construcci\u00f3n, celebraci\u00f3n, ya centenaria y muy arraigada, en la que conviven y comparten alimentos, cerveza y pulque, todos los que trabajan en una obra en construcci\u00f3n: desde el arquitecto m\u00e1s renombrado hasta el pe\u00f3n m\u00e1s humilde. Sin embargo, hay otro tipo de celebraciones que tienen reflejos de costumbres ancestrales y que se explican, tal vez, por la coincidencia de los primeros d\u00edas del mes de mayo con un momento especial del ciclo agr\u00edcola del ma\u00edz.<img loading=\"lazy\" decoding=\"async\" class=\"alignright\" src=\"https:\/\/www.imer.mx\/rmi\/wp-content\/uploads\/sites\/3\/2014\/05\/santa_cruz_02.jpg\" alt=\"santa_cruz_02\" width=\"300\" height=\"206\"><\/p>\n<p>Si usted revisa en su memoria, seguramente recordar\u00e1 sin dificultad varias poblaciones o barrios que llevan el nombre de \u201cSanta Cruz\u201d unido a una palabra en lengua ind\u00edgena, y en todos esos lugares para el d\u00eda 3 de mayo hay fiesta solemne y bulliciosa en la que se re\u00fanen costumbres de las que, a veces, ya no se conoce el origen. Dentro de la Ciudad de M\u00e9xico se encuentran, por ejemplo, Santa Cruz Atoyac, ubicada a un lado de la Delegaci\u00f3n Benito Ju\u00e1rez, junto a la transitad\u00edsima Ave. Cuauht\u00e9moc; y Santa Cruz Xochitepec, en Tepepan, Xochimilco. Los dos lugares fueron antiguos pueblos que ahora son parte de la ciudad, pero en ambos el festejo tiene un fuerte arraigo y se sigue realizando como en los tiempos m\u00e1s remotos.<img loading=\"lazy\" decoding=\"async\" class=\"alignright\" src=\"https:\/\/www.imer.mx\/rmi\/wp-content\/uploads\/sites\/3\/2014\/05\/santa_cruz_03.jpg\" alt=\"santa_cruz_03\" width=\"300\" height=\"221\"><\/p>\n<p>El templo de Santa Cruz Atoyac, es uno de los m\u00e1s antiguos de la Ciudad de M\u00e9xico, es del siglo XVI y conserva una de las pocas fachadas platerescas que hay dentro de la capital. Hace no muchos a\u00f1os, formaba parte de un pueblecito de agricultores y fabricantes de ladrillos, y hoy es el coraz\u00f3n de una colonia muy bien ubicada y encerrada por las grandes avenidas, en la que sin embargo las mayordom\u00edas de preparaci\u00f3n de la fiesta siguen teniendo gran importancia. El d\u00eda de la Santa Cruz, en Atoyac hay feria, misas solemnes, castillo de fuegos artificiales y comida en abundancia, y por la tarde se realizan en el atrio de la iglesia diversos tipos de danzas que aturden al visitante con la variedad de los sonidos musicales simult\u00e1neos. Danzan ah\u00ed, al mismo tiempo y sin estorbarse, los chinelos con su banda de viento, los concheros con sus tambores y teponaxtles, y los ejecutantes de la Danza de Santiagueros acompa\u00f1ados con m\u00fasica de flauta y tambor.<img loading=\"lazy\" decoding=\"async\" class=\"alignleft\" src=\"https:\/\/www.imer.mx\/rmi\/wp-content\/uploads\/sites\/3\/2014\/05\/santa_cruz_04.jpg\" alt=\"santa_cruz_04\" width=\"219\" height=\"300\"><\/p>\n<p>Porsu parte, Santa Cruz Xochitepec, en Tepepan, Xochimilco, aunque tambi\u00e9n es parte de la ciudad, conserva mucho m\u00e1s el ambiente rural de otros tiempos. Ah\u00ed la fiesta comienza desde el d\u00eda 2 de mayo con la \u201cbajada de la cruz\u201d desde el cerro aleda\u00f1o (lugar en el que est\u00e1 ubicada a lo largo de todo el a\u00f1o). Se trata de una enorme cruz que es depositada con gran solemnidad dentro del peque\u00f1o templo del lugar, para decorarla con flores y listones. El d\u00eda 3, hay ma\u00f1anitas y todo el d\u00eda la m\u00fasica y el tronido de los cuetes acompa\u00f1an las actividades. A las 6 de la tarde hay una procesi\u00f3n por las calles con acompa\u00f1amiento de mariachi, pero antes, entre las 3 y las 5, dos bandas tocan, altern\u00e1ndose y sin parar, en el atrio del templo que tambi\u00e9n es cementerio. <img loading=\"lazy\" decoding=\"async\" class=\"alignright\" src=\"https:\/\/www.imer.mx\/rmi\/wp-content\/uploads\/sites\/3\/2014\/05\/santa_cruz_05.jpg\" alt=\"santa_cruz_05\" width=\"300\" height=\"195\">&nbsp;El repertorio puede incluir desde sones, cumbias, pasitos duranguenses y charleston, hasta el nacional\u00edsimo Jarabe Tapat\u00edo. Compartimos algunas im\u00e1genes captadas en esas dos fiestas, que son s\u00f3lo dos de las que en esa fecha se realizan a lo largo y ancho del territorio de M\u00e9xico\u2026<\/p>\n<p>Fotograf\u00edas de Enrique Rivera<\/p>\n<p><img loading=\"lazy\" decoding=\"async\" class=\"aligncenter\" src=\"https:\/\/www.imer.mx\/rmi\/wp-content\/uploads\/sites\/3\/2014\/05\/santa_cruz_06.jpg\" alt=\"santa_cruz_06\" width=\"210\" height=\"300\"><\/p>\n<p><img loading=\"lazy\" decoding=\"async\" class=\"alignleft\" src=\"https:\/\/www.imer.mx\/rmi\/wp-content\/uploads\/sites\/3\/2014\/05\/santa_cruz_07.jpg\" alt=\"santa_cruz_07\" width=\"300\" height=\"200\"><br \/>\n<img loading=\"lazy\" decoding=\"async\" class=\"alignright\" src=\"https:\/\/www.imer.mx\/rmi\/wp-content\/uploads\/sites\/3\/2014\/05\/santa_cruz_08.jpg\" alt=\"santa_cruz_08\" width=\"300\" height=\"200\"><\/p>\n","protected":false},"excerpt":{"rendered":"<p>El d\u00eda 3 de mayo se festeja, dentro del calendario ritual cat\u00f3lico, el D\u00eda de la Santa Cruz y esta es una conmemoraci\u00f3n muy importante en M\u00e9xico. Es sabido que ese es el d\u00eda dedicado a los trabajadores de la construcci\u00f3n, en una celebraci\u00f3n, ya centenaria y muy arraigada, en la que conviven y comparten alimentos, cerveza y pulque, todos los que forman parte de una obra: desde el arquitecto m\u00e1s renombrado hasta el pe\u00f3n m\u00e1s humilde. Sin embargo, hay otro tipo de celebraciones en las que se pueden encontrar reflejos de costumbres ancestrales y que se explican, tal vez, por la coincidencia de los primeros d\u00edas del mes de mayo con un momento especial del ciclo agr\u00edcola del ma\u00edz&#8230;<br \/>\nLeer m\u00e1s, click en el t\u00edtulo.<\/p>\n","protected":false},"author":1,"featured_media":8548,"comment_status":"closed","ping_status":"closed","sticky":false,"template":"","format":"standard","meta":{"wp_popup_display_lightbox":0,"wp_popup_suppress":"","wp_popup_trigger":"","wp_popup_trigger_amount":0,"wp_popup_disable_on_mobile":false,"footnotes":""},"categories":[3,43],"tags":[],"class_list":["post-8539","post","type-post","status-publish","format-standard","has-post-thumbnail","hentry","category-radiomexicointernacional","category-temas-de-mexico","category-3","category-43","description-off"],"_links":{"self":[{"href":"https:\/\/www.imer.mx\/rmi\/wp-json\/wp\/v2\/posts\/8539","targetHints":{"allow":["GET"]}}],"collection":[{"href":"https:\/\/www.imer.mx\/rmi\/wp-json\/wp\/v2\/posts"}],"about":[{"href":"https:\/\/www.imer.mx\/rmi\/wp-json\/wp\/v2\/types\/post"}],"author":[{"embeddable":true,"href":"https:\/\/www.imer.mx\/rmi\/wp-json\/wp\/v2\/users\/1"}],"replies":[{"embeddable":true,"href":"https:\/\/www.imer.mx\/rmi\/wp-json\/wp\/v2\/comments?post=8539"}],"version-history":[{"count":0,"href":"https:\/\/www.imer.mx\/rmi\/wp-json\/wp\/v2\/posts\/8539\/revisions"}],"wp:featuredmedia":[{"embeddable":true,"href":"https:\/\/www.imer.mx\/rmi\/wp-json\/wp\/v2\/media\/8548"}],"wp:attachment":[{"href":"https:\/\/www.imer.mx\/rmi\/wp-json\/wp\/v2\/media?parent=8539"}],"wp:term":[{"taxonomy":"category","embeddable":true,"href":"https:\/\/www.imer.mx\/rmi\/wp-json\/wp\/v2\/categories?post=8539"},{"taxonomy":"post_tag","embeddable":true,"href":"https:\/\/www.imer.mx\/rmi\/wp-json\/wp\/v2\/tags?post=8539"}],"curies":[{"name":"wp","href":"https:\/\/api.w.org\/{rel}","templated":true}]}}