{"id":804,"date":"2012-07-30T16:24:55","date_gmt":"2012-07-30T21:24:55","guid":{"rendered":"http:\/\/radiomexicointernacional.imer.gob.mx\/wordpress\/corredor-biologico-latinoamericano-para-salvar-al-jaguar\/"},"modified":"2012-07-30T16:24:55","modified_gmt":"2012-07-30T21:24:55","slug":"corredor-biologico-latinoamericano-para-salvar-al-jaguar","status":"publish","type":"post","link":"https:\/\/www.imer.mx\/rmi\/corredor-biologico-latinoamericano-para-salvar-al-jaguar\/","title":{"rendered":"Corredor biol\u00f3gico latinoamericano para salvar al jaguar"},"content":{"rendered":"<p><img loading=\"lazy\" decoding=\"async\" style=\"margin: 5px;float: left\" alt=\"jaguar30\" height=\"162\" width=\"200\" src=\"http:\/\/radiomexicointernacional.imer.gob.mx\/wordpress\/wp-content\/uploads\/jaguar30.jpg\" \/>El Jaguar,  el felino m\u00e1s grande del continente americano, se encuentra en peligro de extinci\u00f3n. Sin embargo, existe un gran proyecto para crear un Corredor Biol\u00f3gico Latinoamericano, en 18 pa\u00edses del continente, desde M\u00e9xico hasta Argentina, para conectar los bosques y sitios por los que circula este hermoso animal.   Este Proyecto biol\u00f3gico, es impulsado por una ONG llamada \u201cPanthera\u201d, dedicada a la protecci\u00f3n de 37 especies de felinos salvajes de todo el mundo y a la promoci\u00f3n del cuidado sus ecosistemas.    La iniciativa surgi\u00f3 al comprobarse que el jaguar ha perdido m\u00e1s del 50 por ciento de su territorio original, debido, principalmente, a la dram\u00e1tica deforestaci\u00f3n, causada por el hombre, de las zonas que representaban su h\u00e1bitat natural.   M\u00e9xico se ha comprometido  a vigilar las regiones por donde circulan los jaguares para que sean unas zonas  seguras y reforestadas.<\/p>\n","protected":false},"excerpt":{"rendered":"<p>El Jaguar, el felino m\u00e1s grande del continente americano, se encuentra en peligro de extinci\u00f3n. Sin embargo, existe un gran proyecto para crear un Corredor Biol\u00f3gico Latinoamericano, en 18 pa\u00edses del continente, desde M\u00e9xico hasta Argentina, para conectar los bosques y sitios por los que circula este hermoso animal. Este Proyecto biol\u00f3gico, es impulsado por&hellip;<\/p>\n","protected":false},"author":1,"featured_media":803,"comment_status":"closed","ping_status":"closed","sticky":false,"template":"","format":"standard","meta":{"wp_popup_display_lightbox":0,"wp_popup_suppress":"","wp_popup_trigger":"","wp_popup_trigger_amount":0,"wp_popup_disable_on_mobile":false,"footnotes":""},"categories":[3],"tags":[],"class_list":["post-804","post","type-post","status-publish","format-standard","has-post-thumbnail","hentry","category-radiomexicointernacional","category-3","description-off"],"_links":{"self":[{"href":"https:\/\/www.imer.mx\/rmi\/wp-json\/wp\/v2\/posts\/804","targetHints":{"allow":["GET"]}}],"collection":[{"href":"https:\/\/www.imer.mx\/rmi\/wp-json\/wp\/v2\/posts"}],"about":[{"href":"https:\/\/www.imer.mx\/rmi\/wp-json\/wp\/v2\/types\/post"}],"author":[{"embeddable":true,"href":"https:\/\/www.imer.mx\/rmi\/wp-json\/wp\/v2\/users\/1"}],"replies":[{"embeddable":true,"href":"https:\/\/www.imer.mx\/rmi\/wp-json\/wp\/v2\/comments?post=804"}],"version-history":[{"count":0,"href":"https:\/\/www.imer.mx\/rmi\/wp-json\/wp\/v2\/posts\/804\/revisions"}],"wp:featuredmedia":[{"embeddable":true,"href":"https:\/\/www.imer.mx\/rmi\/wp-json\/wp\/v2\/media\/803"}],"wp:attachment":[{"href":"https:\/\/www.imer.mx\/rmi\/wp-json\/wp\/v2\/media?parent=804"}],"wp:term":[{"taxonomy":"category","embeddable":true,"href":"https:\/\/www.imer.mx\/rmi\/wp-json\/wp\/v2\/categories?post=804"},{"taxonomy":"post_tag","embeddable":true,"href":"https:\/\/www.imer.mx\/rmi\/wp-json\/wp\/v2\/tags?post=804"}],"curies":[{"name":"wp","href":"https:\/\/api.w.org\/{rel}","templated":true}]}}