{"id":7996,"date":"2014-03-05T12:44:09","date_gmt":"2014-03-05T18:44:09","guid":{"rendered":"http:\/\/radiomexicointernacional.imer.gob.mx\/?p=7996"},"modified":"2015-04-17T11:43:23","modified_gmt":"2015-04-17T16:43:23","slug":"asi-lo-festejamos-martes-de-carnaval-en-tlayacapan-morelos","status":"publish","type":"post","link":"https:\/\/www.imer.mx\/rmi\/asi-lo-festejamos-martes-de-carnaval-en-tlayacapan-morelos\/","title":{"rendered":"As\u00ed lo festejamos\u2026 Martes de Carnaval en Tlayacapan, Morelos"},"content":{"rendered":"<p style=\"text-align: left\"><img loading=\"lazy\" decoding=\"async\" class=\"alignleft  wp-image-8015\" alt=\"IMG_6598\" src=\"http:\/\/radiomexicointernacional.imer.gob.mx\/wp-content\/uploads\/IMG_6598-200x300.jpg\" width=\"180\" height=\"270\" \/>Este a\u00f1o el Martes de Carnaval fue el d\u00eda 4 de marzo y muchas poblaciones del mundo, que se distinguen por el lucimiento de sus carnavales, lo festejaron con intensidad y algarab\u00eda. En M\u00e9xico hay varios carnavales notables y, sin duda, el de Veracruz es el m\u00e1s famoso de ellos. Sin embargo el estado de Morelos es tambi\u00e9n reconocido por la originalidad de sus tradiciones en estas fechas, de manera muy especial la poblaci\u00f3n de Tlayacapan que, como platicamos en la entrega anterior de esta secci\u00f3n de la p\u00e1gina de RMI, es la cuna de los Chinelos, curiosos personajes enmascarados que se hacen presentes, a\u00f1o con a\u00f1o, en las comparsas del Carnaval. En Tlayacapan existen tres comparsas muy antiguas (todas ellas datan del siglo XIX) que est\u00e1n organizadas en torno a los barrios y las capillas del pueblo. Son las comparsas \u201cAm\u00e9rica\u201d, Uni\u00f3n\u201d y \u201cAzteca\u201d, cada una se acompa\u00f1a de una magnifica banda de m\u00fasica y a los responsables de la organizaci\u00f3n de estas asociaciones se les conoce como \u201cautores\u201d. Muchos habitantes de Tlayacapan se visten con el traje de Chinelo con las caracter\u00edsticas espec\u00edficas que se usan ah\u00ed: bat\u00f3n blanco con vivos en azul, sombrero menos alto que el de otros pueblos y pa\u00f1oletas coloridas para cubrir la cabeza y la espalda. Muchas familias visten tambi\u00e9n de Chinelos a los ni\u00f1os m\u00e1s peque\u00f1os y todos participan de la fiesta. Este a\u00f1o, adem\u00e1s, se recuper\u00f3 la vieja tradici\u00f3n del desfile de las comparsas que precede a la alegre danza del \u201cBrinco\u201d. Cada comparsa, con su banda respectiva, desfila con los Chinelos acompa\u00f1ados de una pareja y el \u201cBrinco\u201d se realiza precisamente as\u00ed, en grupos integrados por parejas. Radio M\u00e9xico Internacional estuvo presente en esta celebraci\u00f3n y traemos para ustedes algunas im\u00e1genes y una conversaci\u00f3n que sostuvimos con el profesor Adri\u00e1n Arroyo M\u00e9ndez, gran conocedor del tema y maestro de ceremonias del evento.<\/p>\n<p><audio class=\"wp-audio-shortcode\" id=\"audio-7996-1\" preload=\"none\" style=\"width: 100%;\" controls=\"controls\"><source type=\"audio\/mpeg\" src=\"http:\/\/www.imer.gob.mx\/phpwrappers\/podcast\/apitrck\/uploads\/335\/chinelos.mp3?_=1\" \/><a href=\"http:\/\/www.imer.gob.mx\/phpwrappers\/podcast\/apitrck\/uploads\/335\/chinelos.mp3\">http:\/\/www.imer.gob.mx\/phpwrappers\/podcast\/apitrck\/uploads\/335\/chinelos.mp3<\/a><\/audio><br \/>\n&nbsp;<\/p>\n<p>Fotograf\u00edas de Enrique Rivera<\/p>\n<p><img loading=\"lazy\" decoding=\"async\" class=\"size-medium wp-image-7999 aligncenter\" alt=\"IMG_6312\" src=\"http:\/\/radiomexicointernacional.imer.gob.mx\/wp-content\/uploads\/IMG_6312-247x300.jpg\" width=\"247\" height=\"300\" \/> <img loading=\"lazy\" decoding=\"async\" class=\"size-medium wp-image-8002 aligncenter\" alt=\"IMG_6412\" src=\"http:\/\/radiomexicointernacional.imer.gob.mx\/wp-content\/uploads\/IMG_6412-211x300.jpg\" width=\"211\" height=\"300\" \/><img loading=\"lazy\" decoding=\"async\" class=\"size-medium wp-image-8013 aligncenter\" alt=\"IMG_6460\" src=\"http:\/\/radiomexicointernacional.imer.gob.mx\/wp-content\/uploads\/IMG_6460-195x300.jpg\" width=\"195\" height=\"300\" \/> <img loading=\"lazy\" decoding=\"async\" class=\"size-medium wp-image-8014 aligncenter\" alt=\"IMG_6594\" src=\"http:\/\/radiomexicointernacional.imer.gob.mx\/wp-content\/uploads\/IMG_6594-200x300.jpg\" width=\"200\" height=\"300\" \/> <img loading=\"lazy\" decoding=\"async\" class=\"size-medium wp-image-8016 aligncenter\" alt=\"IMG_6668\" src=\"http:\/\/radiomexicointernacional.imer.gob.mx\/wp-content\/uploads\/IMG_6668-200x300.jpg\" width=\"200\" height=\"300\" \/><\/p>\n<p>&nbsp;<\/p>\n","protected":false},"excerpt":{"rendered":"<p>Este a\u00f1o el Martes de Carnaval fue el d\u00eda 4 de marzo y muchas poblaciones del mundo, que se distinguen por el lucimiento de sus carnavales, lo festejaron con intensidad y algarab\u00eda. En M\u00e9xico hay varios carnavales notables y, sin duda, el de Veracruz es el m\u00e1s famoso de ellos. Sin embargo el estado de Morelos es tambi\u00e9n reconocido por la originalidad de sus tradiciones en estas fechas, de manera muy especial la poblaci\u00f3n de Tlayacapan que, como platicamos en la entrega anterior de esta secci\u00f3n de la p\u00e1gina de RMI, es la cuna de los Chinelos, curiosos personajes enmascarados que se hacen presentes, a\u00f1o con a\u00f1o, en las comparsas del Carnaval&#8230;<br \/>\nLeer m\u00e1s y escuchar, click en el t\u00edtulo.<\/p>\n","protected":false},"author":19,"featured_media":8000,"comment_status":"closed","ping_status":"closed","sticky":false,"template":"","format":"standard","meta":{"wp_popup_display_lightbox":0,"wp_popup_suppress":"","wp_popup_trigger":"","wp_popup_trigger_amount":0,"wp_popup_disable_on_mobile":false,"footnotes":""},"categories":[8,3],"tags":[],"class_list":["post-7996","post","type-post","status-publish","format-standard","has-post-thumbnail","hentry","category-destacados","category-radiomexicointernacional","category-8","category-3","description-off"],"_links":{"self":[{"href":"https:\/\/www.imer.mx\/rmi\/wp-json\/wp\/v2\/posts\/7996","targetHints":{"allow":["GET"]}}],"collection":[{"href":"https:\/\/www.imer.mx\/rmi\/wp-json\/wp\/v2\/posts"}],"about":[{"href":"https:\/\/www.imer.mx\/rmi\/wp-json\/wp\/v2\/types\/post"}],"author":[{"embeddable":true,"href":"https:\/\/www.imer.mx\/rmi\/wp-json\/wp\/v2\/users\/19"}],"replies":[{"embeddable":true,"href":"https:\/\/www.imer.mx\/rmi\/wp-json\/wp\/v2\/comments?post=7996"}],"version-history":[{"count":0,"href":"https:\/\/www.imer.mx\/rmi\/wp-json\/wp\/v2\/posts\/7996\/revisions"}],"wp:featuredmedia":[{"embeddable":true,"href":"https:\/\/www.imer.mx\/rmi\/wp-json\/wp\/v2\/media\/8000"}],"wp:attachment":[{"href":"https:\/\/www.imer.mx\/rmi\/wp-json\/wp\/v2\/media?parent=7996"}],"wp:term":[{"taxonomy":"category","embeddable":true,"href":"https:\/\/www.imer.mx\/rmi\/wp-json\/wp\/v2\/categories?post=7996"},{"taxonomy":"post_tag","embeddable":true,"href":"https:\/\/www.imer.mx\/rmi\/wp-json\/wp\/v2\/tags?post=7996"}],"curies":[{"name":"wp","href":"https:\/\/api.w.org\/{rel}","templated":true}]}}