{"id":7868,"date":"2014-02-24T11:29:58","date_gmt":"2014-02-24T17:29:58","guid":{"rendered":"http:\/\/radiomexicointernacional.imer.gob.mx\/?p=7868"},"modified":"2015-04-17T11:36:47","modified_gmt":"2015-04-17T16:36:47","slug":"merida-la-ciudad-blanca","status":"publish","type":"post","link":"https:\/\/www.imer.mx\/rmi\/merida-la-ciudad-blanca\/","title":{"rendered":"La puerta abierta en&#8230; M\u00e9rida, la ciudad blanca"},"content":{"rendered":"<p><img loading=\"lazy\" decoding=\"async\" class=\"alignleft size-medium wp-image-7872\" alt=\"071A5438\" src=\"http:\/\/radiomexicointernacional.imer.gob.mx\/wp-content\/uploads\/071A5438-300x199.jpg\" width=\"300\" height=\"199\" \/><\/p>\n<p style=\"text-align: justify\"><span style=\"line-height: 1.5em\">La plaza se llena de color. Listones azules, amarillos, verdes y morados se mueven al ritmo de la m\u00fasica y la danza, y se entretejen envolviendo el m\u00e1stil que los sostiene. El zapateado de hombres y mujeres acompa\u00f1a la alegr\u00eda de los m\u00fasicos que se re\u00fanen para celebrar la Vaquer\u00eda, sin duda la fiesta m\u00e1s emblem\u00e1tica de Yucat\u00e1n (inspirada en el marcaje del ganado en las antiguas haciendas).<\/span><\/p>\n<p style=\"text-align: justify\">Estamos en M\u00e9rida, no s\u00f3lo la capital del estado de Yucat\u00e1n, sino la ciudad con el segundo centro hist\u00f3rico m\u00e1s grande del pa\u00eds (despu\u00e9s de la Ciudad de M\u00e9xico), y con una importante herencia cultural que se respira en cada rinc\u00f3n.<\/p>\n<p style=\"text-align: justify\">Fundada en 1542 por Francisco de Montejo \u201cel Mozo\u201d, M\u00e9rida fue construida donde anteriormente se asentaba la ciudad maya <i>T\u2019ho<\/i>, que significa \u201cciudad de las cinco colinas\u201d. Se dice que parte de las piedras de las pir\u00e1mides que hab\u00eda en aquella antigua ciudad, fueron utilizadas despu\u00e9s de la Conquista para construir, entre otros edificios importantes, la primera catedral en tierra firme.<\/p>\n<p style=\"text-align: justify\">Algunos conocen a M\u00e9rida como \u201cla ciudad blanca\u201d debido a que en muchas de sus construcciones se utiliz\u00f3 piedra caliza de ese color, pero tambi\u00e9n se atribuye el sobrenombre a la limpieza de sus calles y al color de la vestimenta tradicional de sus habitantes (guayaberas en hombres e hipiles en mujeres).<\/p>\n<p style=\"text-align: justify\">Pasear por las calles de M\u00e9rida es hacer un viaje a trav\u00e9s de la historia de M\u00e9xico. Y qu\u00e9 mejor que recorrerla en una elegante calesa, similar a un carruaje antiguo, para conocer el Paseo Montejo. En esta avenida, considerada la m\u00e1s importante de la ciudad, se puede admirar el monumento a Gonzalo Guerrero, aquel legendario aventurero espa\u00f1ol que, tras naufragar en las costas de la Pen\u00ednsula de Yucat\u00e1n, \u00a0se volvi\u00f3 parte del pueblo maya, form\u00f3 una familia mestiza y pele\u00f3 contra los conquistadores europeos.<\/p>\n<p style=\"text-align: justify\">La identidad cultural de Yucat\u00e1n queda bien representada en M\u00e9rida. Se notan las influencias ind\u00edgenas, espa\u00f1olas, caribe\u00f1as y hasta de Oriente Medio; no s\u00f3lo en su m\u00fasica y bailes, sino tambi\u00e9n en su deliciosa gastronom\u00eda (como los huevos motule\u00f1os, la cochinita pibil, la sopa de lima, los papadzules, los salbutes), y en las artesan\u00edas (como las hamacas con su tejido exquisito).<\/p>\n<p style=\"text-align: justify\">Cada semana el Centro Hist\u00f3rico de M\u00e9rida ofrece espect\u00e1culos de mucha tradici\u00f3n, como la Vaquer\u00eda, la Boda Mestiza y las exhibiciones de juego de pelota. Lugare\u00f1os y visitantes disfrutan de la jarana y la trova que se interpretan restaurantes y parques.<\/p>\n<p style=\"text-align: justify\">Llama la atenci\u00f3n\u00a0 la versi\u00f3n seg\u00fan la cual \u201cjarana\u201d era la palaba utilizada por los espa\u00f1oles para referirse al bullicio o jolgorio de los habitantes, quienes al escucharla pensaron que as\u00ed le llamaban a su danza. Desde entonces este baile es el tradicional en toda la Pen\u00ednsula de Yucat\u00e1n. Se baila en parejas, de forma ordenada y con una postura erguida que permite a los bailarines llevar objetos en la cabeza. Es caracter\u00edstico que en una parte de la presentaci\u00f3n, los m\u00fasicos hagan una pausa y uno de ellos recite una \u201cbomba\u201d, que es un verso inspirado en las mujeres presentes o el momento que se vive, y que tiene toques picarescos o rom\u00e1nticos.<\/p>\n<p style=\"text-align: justify\">Te invitamos a conocer m\u00e1s sobre \u201cla ciudad blanca\u201d a trav\u00e9s de la charla que tuvimos con la Lic. Petitte Liz\u00e1rraga, subdirectora de Turismo del\u00a0 Ayuntamiento de M\u00e9rida:<\/p>\n<audio class=\"wp-audio-shortcode\" id=\"audio-7868-1\" preload=\"none\" style=\"width: 100%;\" controls=\"controls\"><source type=\"audio\/mpeg\" src=\"http:\/\/www.imer.gob.mx\/phpwrappers\/podcast\/apitrck\/uploads\/338\/06_yucatan.mp3?_=1\" \/><a href=\"http:\/\/www.imer.gob.mx\/phpwrappers\/podcast\/apitrck\/uploads\/338\/06_yucatan.mp3\">http:\/\/www.imer.gob.mx\/phpwrappers\/podcast\/apitrck\/uploads\/338\/06_yucatan.mp3<\/a><\/audio>\n<p style=\"text-align: justify\">Tambi\u00e9n te recomendamos visitar el portal <a href=\"http:\/\/www.merida.gob.mx\/\">www.merida.gob.mx<\/a><\/p>\n<p>\u00a0<img loading=\"lazy\" decoding=\"async\" class=\"alignleft size-medium wp-image-7871\" alt=\"071A5345\" src=\"http:\/\/radiomexicointernacional.imer.gob.mx\/wp-content\/uploads\/071A5345-300x199.jpg\" width=\"300\" height=\"199\" \/> <img loading=\"lazy\" decoding=\"async\" class=\"alignleft size-medium wp-image-7870\" alt=\"071A5339\" src=\"http:\/\/radiomexicointernacional.imer.gob.mx\/wp-content\/uploads\/071A5339-300x199.jpg\" width=\"300\" height=\"199\" \/><\/p>\n","protected":false},"excerpt":{"rendered":"<p>La plaza se llena de color. Listones azules, amarillos, verdes y morados se mueven al ritmo de la m\u00fasica y la danza, y se entretejen envolviendo el m\u00e1stil que los sostiene. El zapateado de hombres y mujeres acompa\u00f1a la alegr\u00eda de los m\u00fasicos que se re\u00fanen para celebrar la Vaquer\u00eda, sin duda la fiesta m\u00e1s emblem\u00e1tica de Yucat\u00e1n (inspirada en el marcaje del ganado en las antiguas haciendas).<br \/>\nLeer m\u00e1s y escuchar, click en el t\u00edtulo.<\/p>\n","protected":false},"author":18,"featured_media":7877,"comment_status":"closed","ping_status":"closed","sticky":false,"template":"","format":"standard","meta":{"wp_popup_display_lightbox":0,"wp_popup_suppress":"","wp_popup_trigger":"","wp_popup_trigger_amount":0,"wp_popup_disable_on_mobile":false,"footnotes":""},"categories":[8,3],"tags":[],"class_list":["post-7868","post","type-post","status-publish","format-standard","has-post-thumbnail","hentry","category-destacados","category-radiomexicointernacional","category-8","category-3","description-off"],"_links":{"self":[{"href":"https:\/\/www.imer.mx\/rmi\/wp-json\/wp\/v2\/posts\/7868","targetHints":{"allow":["GET"]}}],"collection":[{"href":"https:\/\/www.imer.mx\/rmi\/wp-json\/wp\/v2\/posts"}],"about":[{"href":"https:\/\/www.imer.mx\/rmi\/wp-json\/wp\/v2\/types\/post"}],"author":[{"embeddable":true,"href":"https:\/\/www.imer.mx\/rmi\/wp-json\/wp\/v2\/users\/18"}],"replies":[{"embeddable":true,"href":"https:\/\/www.imer.mx\/rmi\/wp-json\/wp\/v2\/comments?post=7868"}],"version-history":[{"count":0,"href":"https:\/\/www.imer.mx\/rmi\/wp-json\/wp\/v2\/posts\/7868\/revisions"}],"wp:featuredmedia":[{"embeddable":true,"href":"https:\/\/www.imer.mx\/rmi\/wp-json\/wp\/v2\/media\/7877"}],"wp:attachment":[{"href":"https:\/\/www.imer.mx\/rmi\/wp-json\/wp\/v2\/media?parent=7868"}],"wp:term":[{"taxonomy":"category","embeddable":true,"href":"https:\/\/www.imer.mx\/rmi\/wp-json\/wp\/v2\/categories?post=7868"},{"taxonomy":"post_tag","embeddable":true,"href":"https:\/\/www.imer.mx\/rmi\/wp-json\/wp\/v2\/tags?post=7868"}],"curies":[{"name":"wp","href":"https:\/\/api.w.org\/{rel}","templated":true}]}}