{"id":7846,"date":"2014-02-18T11:16:31","date_gmt":"2014-02-18T17:16:31","guid":{"rendered":"http:\/\/radiomexicointernacional.imer.gob.mx\/?p=7846"},"modified":"2014-02-18T11:16:31","modified_gmt":"2014-02-18T17:16:31","slug":"federico-campbell-1941-2014","status":"publish","type":"post","link":"https:\/\/www.imer.mx\/rmi\/federico-campbell-1941-2014\/","title":{"rendered":"Federico Campbell  (1941-2014)"},"content":{"rendered":"<p style=\"text-align: right\">La \u00fanica eternidad humana es la de la literatura.<\/p>\n<p style=\"text-align: right\">El autor muere, pero sobrevive la palabra.<\/p>\n<p style=\"text-align: right\">Federico Campbell<\/p>\n<p>&nbsp;<\/p>\n<p style=\"text-align: justify\"><img loading=\"lazy\" decoding=\"async\" class=\"alignleft size-medium wp-image-7855\" alt=\"Campbell_1\" src=\"http:\/\/radiomexicointernacional.imer.gob.mx\/wp-content\/uploads\/Campbell_1-300x210.jpg\" width=\"300\" height=\"210\" \/>El pasado 15 de febrero muri\u00f3 el escritor mexicano Federico Campbell, hombre generoso e inquieto que deja una obra literaria de gran originalidad. Campbell naci\u00f3 en Tijuana, Baja California, remota punta de nuestro pa\u00eds: tierra de frontera, tierra de preguntas, tierra de promesas\u2026 Su padre era telegrafista, su madre profesora. \u00c9l mismo cont\u00f3 en su texto Tijuanenses: \u201cYo nac\u00ed y crec\u00ed en la calle R\u00edo Bravo, frente a la escuela El Pensador Mexicano. En el barrio jug\u00e1bamos beisbol los de Arriba contra los de Abajo, denominaci\u00f3n pr\u00e1ctica que obedec\u00eda m\u00e1s a la composici\u00f3n del terreno que a otro tipo de rivalidad: por la R\u00edo Nazas descend\u00eda el nivel de la calle y empezaba la cuenca seca del r\u00edo. Nuestras diferencias no se opon\u00edan como el blanco y el negro. Ellos viv\u00edan en la m\u00e1s extrema pobreza y nosotros apenas al ras de cierta clase media baja, en la que volaban los pegasos del mundo feliz. Sin embargo, todav\u00eda podr\u00eda preguntarse si todos, los de Arriba y los de Abajo, tuvimos las mismas oportunidades, id\u00e9nticas ventajas. Muchos emigraron a Los \u00c1ngeles. Otros se quedaron. Uno muri\u00f3 en Vietnam. Los m\u00e1s afortunados fueron tal vez los que alcanzaron boleto para irse a las universidades.\u201d Campbell fue de estos \u00faltimos afortunados y viaj\u00f3 a la ciudad de M\u00e9xico para estudiar, sin concluirlas, las carreras de Derecho y Filosof\u00eda y Letras. Encontr\u00f3, finalmente, en la literatura una rica vocaci\u00f3n y se convirti\u00f3 en un narrador excepcional: novelista, cuentista, ensayista, adem\u00e1s de periodista, editor y traductor. La memoria, la curiosidad y la reflexi\u00f3n fueron la materia de su literatura y dej\u00f3 textos entra\u00f1ables como \u201cLa Clave Morse\u201d, \u201cTranspeninsular\u201d, \u201cTodo lo de las focas\u201d, \u201cTijuanenses\u201d, \u201cPadre y Memoria\u201d y \u201cLa invenci\u00f3n del poder\u201d. \u201cLa literatura, dec\u00eda Campbell, siembra mentiras para llegar a una verdad profunda\u201d. Aprendamos a encontrar esa verdad en la sencilla profundidad de sus letras.<\/p>\n<p style=\"text-align: justify\">Les invitamos a asomarse a los textos de Federico Campbell a trav\u00e9s de la versi\u00f3n PDF del n\u00famero 102 de la serie \u201cMaterial de Lectura\u201d de la UNAM en\u00a0<a href=\"http:\/\/www.materialdelectura.unam.mx\/images\/stories\/pdf5\/federico-campbell-102.pdf\">http:\/\/www.materialdelectura.unam.mx\/images\/stories\/pdf5\/federico-campbell-102.pdf<\/a><\/p>\n<p>&nbsp;<\/p>\n<p>&nbsp;<\/p>\n<p style=\"text-align: justify\">\n","protected":false},"excerpt":{"rendered":"<p>El pasado 15 de febrero muri\u00f3 el escritor mexicano Federico Campbell, hombre generoso e inquieto que deja una obra literaria de gran originalidad. Campbell naci\u00f3 en Tijuana, Baja California, remota punta de nuestro pa\u00eds: tierra de frontera, tierra de preguntas, tierra de promesas\u2026 Su padre era telegrafista, su madre profesora. \u00c9l mismo cont\u00f3 en su texto Tijuanenses: \u201cYo nac\u00ed y crec\u00ed en la calle R\u00edo Bravo, frente a la escuela El Pensador Mexicano. En el barrio jug\u00e1bamos beisbol los de Arriba contra los de Abajo, denominaci\u00f3n pr\u00e1ctica que obedec\u00eda m\u00e1s a la composici\u00f3n del terreno que a otro tipo de rivalidad: por la R\u00edo Nazas descend\u00eda el nivel de la calle y empezaba la cuenca seca del r\u00edo. Nuestras diferencias no se opon\u00edan como el blanco y el negro. Ellos viv\u00edan en la m\u00e1s extrema pobreza y nosotros apenas al ras de cierta clase media baja, en la que volaban los pegasos del mundo feliz. Sin embargo, todav\u00eda podr\u00eda preguntarse si todos, los de Arriba y los de Abajo, tuvimos las mismas oportunidades, id\u00e9nticas ventajas. Muchos emigraron a Los \u00c1ngeles. Otros se quedaron. Uno muri\u00f3 en Vietnam. Los m\u00e1s afortunados fueron tal vez los que alcanzaron boleto para irse a las universidades.\u201d<br \/>\nLeer m\u00e1s y escuchar, click en el t\u00edtulo.<\/p>\n","protected":false},"author":18,"featured_media":7855,"comment_status":"closed","ping_status":"closed","sticky":false,"template":"","format":"standard","meta":{"wp_popup_display_lightbox":0,"wp_popup_suppress":"","wp_popup_trigger":"","wp_popup_trigger_amount":0,"wp_popup_disable_on_mobile":false,"footnotes":""},"categories":[3],"tags":[],"class_list":["post-7846","post","type-post","status-publish","format-standard","has-post-thumbnail","hentry","category-radiomexicointernacional","category-3","description-off"],"_links":{"self":[{"href":"https:\/\/www.imer.mx\/rmi\/wp-json\/wp\/v2\/posts\/7846","targetHints":{"allow":["GET"]}}],"collection":[{"href":"https:\/\/www.imer.mx\/rmi\/wp-json\/wp\/v2\/posts"}],"about":[{"href":"https:\/\/www.imer.mx\/rmi\/wp-json\/wp\/v2\/types\/post"}],"author":[{"embeddable":true,"href":"https:\/\/www.imer.mx\/rmi\/wp-json\/wp\/v2\/users\/18"}],"replies":[{"embeddable":true,"href":"https:\/\/www.imer.mx\/rmi\/wp-json\/wp\/v2\/comments?post=7846"}],"version-history":[{"count":0,"href":"https:\/\/www.imer.mx\/rmi\/wp-json\/wp\/v2\/posts\/7846\/revisions"}],"wp:featuredmedia":[{"embeddable":true,"href":"https:\/\/www.imer.mx\/rmi\/wp-json\/wp\/v2\/media\/7855"}],"wp:attachment":[{"href":"https:\/\/www.imer.mx\/rmi\/wp-json\/wp\/v2\/media?parent=7846"}],"wp:term":[{"taxonomy":"category","embeddable":true,"href":"https:\/\/www.imer.mx\/rmi\/wp-json\/wp\/v2\/categories?post=7846"},{"taxonomy":"post_tag","embeddable":true,"href":"https:\/\/www.imer.mx\/rmi\/wp-json\/wp\/v2\/tags?post=7846"}],"curies":[{"name":"wp","href":"https:\/\/api.w.org\/{rel}","templated":true}]}}