{"id":7806,"date":"2014-02-07T13:49:27","date_gmt":"2014-02-07T19:49:27","guid":{"rendered":"http:\/\/radiomexicointernacional.imer.gob.mx\/?p=7806"},"modified":"2015-04-17T11:20:30","modified_gmt":"2015-04-17T16:20:30","slug":"la-puerta-abierta-en-nayarit","status":"publish","type":"post","link":"https:\/\/www.imer.mx\/rmi\/la-puerta-abierta-en-nayarit\/","title":{"rendered":"La puerta abierta en&#8230; Nayarit"},"content":{"rendered":"<p align=\"right\"><i>\u201cElla despidi\u00f3 a su amor, \u00e9l parti\u00f3 en un barco en el muelle de San Blas. <\/i><\/p>\n<p align=\"right\"><i>\u00c9l jur\u00f3 que volver\u00eda y empapada en llanto ella jur\u00f3 que esperar\u00eda\u2026\u201d.<\/i><\/p>\n<p align=\"right\"><i>Man\u00e1<\/i><\/p>\n<p><img loading=\"lazy\" decoding=\"async\" class=\"alignleft size-medium wp-image-7809\" alt=\"3\" src=\"http:\/\/radiomexicointernacional.imer.gob.mx\/wp-content\/uploads\/3-300x137.jpg\" width=\"300\" height=\"137\" \/><span style=\"line-height: 1.5em\">Con este verso de una canci\u00f3n del grupo Man\u00e1, una vieja historia de amor que corr\u00eda de boca en boca, hoy se conoce en todo el mundo y con ella, adem\u00e1s, se ha difundido la enorme belleza natural del puerto de San Blas, en el estado de Nayarit, un lugar rodeado de selva y manglares y con 536 especies de aves.<\/span><\/p>\n<p>El recorrido se antoja, y resulta dif\u00edcil elegir un trayecto entre los diversos atractivos que ofrece este lugar del Pac\u00edfico mexicano.<\/p>\n<p>Con poco m\u00e1s de un mill\u00f3n de habitantes, Nayarit ha llamado la atenci\u00f3n de turistas que buscan la privacidad, pero tambi\u00e9n de quienes practican el avistamiento de aves y ballenas, y los que, con la intenci\u00f3n de quitarse las \u201cmalas vibras\u201d, acuden a \u201chacerse una limpia\u201d con los curanderos de Jomulco.<\/p>\n<p>La historia tambi\u00e9n tiene su sitio en Nayarit. En el municipio de Santiago Ixcuintla se encuentra la Isla de Mexcaltitl\u00e1n, que algunos historiadores han se\u00f1alado como la m\u00edtica Aztl\u00e1n, lugar de donde habr\u00edan partido los aztecas para fundar Tenochtitl\u00e1n. Conocerla es hacer un viaje al pasado. La vista se ilumina con sus casas de colores y, si es temporada de lluvias, es inevitable pasear en canoa por sus calles que suelen llenarse de agua.<\/p>\n<p>En cuanto a playas, la Riviera de Nayarit es \u00fanica. El Libro de R\u00e9cords Guiness incluye a la playa Novillero, considerada una de las m\u00e1s grandes del mundo, pues cuenta con 86 kil\u00f3metros de largo y 50 metros de ancho, extensi\u00f3n que cada fin de semana alberga a familias y amantes de los deportes acu\u00e1ticos.<\/p>\n<p>Como es de imaginarse, al tener costa, Nayarit cuenta con una oferta gastron\u00f3mica que se distingue por sus frescas y variadas recetas de pescados y mariscos. La m\u00e1s recomendada y aplaudida es el \u201cpescado zarandeado\u201d, que permite al comensal disfrutar de un huachinango que se ba\u00f1a con una preparaci\u00f3n a base de sal, ajo, mantequilla y chiles, y se prepara a la le\u00f1a.<\/p>\n<p>Nayarit tambi\u00e9n ofrece opciones para quienes prefieren disfrutar de la tranquilidad de la vida \u201cde provincia\u201d: pasear junto a sus habitantes que viven sin prisa, a veces sin reloj y a los pies de un volc\u00e1n en el poblado de Jala.<\/p>\n<p>La calidez del ambiente no s\u00f3lo se refleja en el clima, sino en la actitud de los nayaritas que, en cada palabra, reflejan el amor que tienen a su tierra. Una muestra de ello es la conversaci\u00f3n que sostuvimos con Evaristo Guzm\u00e1n Cort\u00e9s, Jefe del Departamento de Desarrollo de Productos Tur\u00edsticos de la Secretar\u00eda de Turismo del Estado de Nayarit. Te invitamos a escucharla:<br \/>\n<audio class=\"wp-audio-shortcode\" id=\"audio-7806-1\" preload=\"none\" style=\"width: 100%;\" controls=\"controls\"><source type=\"audio\/mpeg\" src=\"http:\/\/www.imer.gob.mx\/phpwrappers\/podcast\/apitrck\/uploads\/338\/05_nayarit.mp3?_=1\" \/><a href=\"http:\/\/www.imer.gob.mx\/phpwrappers\/podcast\/apitrck\/uploads\/338\/05_nayarit.mp3\">http:\/\/www.imer.gob.mx\/phpwrappers\/podcast\/apitrck\/uploads\/338\/05_nayarit.mp3<\/a><\/audio><\/p>\n<p>&nbsp;<\/p>\n<p><span style=\"line-height: 1.5em\">Para m\u00e1s informes puedes consultar la p\u00e1gina <\/span><a style=\"line-height: 1.5em\" href=\"http:\/\/www.visitnayarit.com\/\">www.visitnayarit.com<\/a><span style=\"line-height: 1.5em\">\u00a0o llamar al 01800 5230160<\/span><\/p>\n<p><span style=\"line-height: 1.5em\"><img loading=\"lazy\" decoding=\"async\" class=\"alignleft size-medium wp-image-7816\" alt=\"2 (2)\" src=\"http:\/\/radiomexicointernacional.imer.gob.mx\/wp-content\/uploads\/2-2-300x173.jpg\" width=\"300\" height=\"173\" \/><\/span><\/p>\n<p><img loading=\"lazy\" decoding=\"async\" class=\"alignleft size-medium wp-image-7808\" alt=\"3 (3)\" src=\"http:\/\/radiomexicointernacional.imer.gob.mx\/wp-content\/uploads\/3-3-300x193.jpg\" width=\"300\" height=\"193\" \/> <img loading=\"lazy\" decoding=\"async\" class=\"alignleft size-medium wp-image-7807\" alt=\"2\" src=\"http:\/\/radiomexicointernacional.imer.gob.mx\/wp-content\/uploads\/21-300x203.jpg\" width=\"300\" height=\"203\" \/> <img loading=\"lazy\" decoding=\"async\" class=\"alignleft size-medium wp-image-7810\" alt=\"7\" src=\"http:\/\/radiomexicointernacional.imer.gob.mx\/wp-content\/uploads\/7-300x199.jpg\" width=\"300\" height=\"199\" \/><\/p>\n","protected":false},"excerpt":{"rendered":"<p>El recorrido se antoja, y resulta dif\u00edcil elegir un trayecto entre los diversos atractivos que ofrece este lugar del Pac\u00edfico mexicano.<br \/>\nCon poco m\u00e1s de un mill\u00f3n de habitantes, Nayarit ha llamado la atenci\u00f3n de turistas que buscan la privacidad, pero tambi\u00e9n de quienes practican el avistamiento de aves y ballenas, y los que, con la intenci\u00f3n de quitarse las \u201cmalas vibras\u201d, acuden a \u201chacerse una limpia\u201d con los curanderos de Jomulco&#8230; Leer m\u00e1s y escuchar, click en el t\u00edtulo.<\/p>\n","protected":false},"author":18,"featured_media":7811,"comment_status":"closed","ping_status":"closed","sticky":false,"template":"","format":"standard","meta":{"wp_popup_display_lightbox":0,"wp_popup_suppress":"","wp_popup_trigger":"","wp_popup_trigger_amount":0,"wp_popup_disable_on_mobile":false,"footnotes":""},"categories":[3],"tags":[],"class_list":["post-7806","post","type-post","status-publish","format-standard","has-post-thumbnail","hentry","category-radiomexicointernacional","category-3","description-off"],"_links":{"self":[{"href":"https:\/\/www.imer.mx\/rmi\/wp-json\/wp\/v2\/posts\/7806","targetHints":{"allow":["GET"]}}],"collection":[{"href":"https:\/\/www.imer.mx\/rmi\/wp-json\/wp\/v2\/posts"}],"about":[{"href":"https:\/\/www.imer.mx\/rmi\/wp-json\/wp\/v2\/types\/post"}],"author":[{"embeddable":true,"href":"https:\/\/www.imer.mx\/rmi\/wp-json\/wp\/v2\/users\/18"}],"replies":[{"embeddable":true,"href":"https:\/\/www.imer.mx\/rmi\/wp-json\/wp\/v2\/comments?post=7806"}],"version-history":[{"count":0,"href":"https:\/\/www.imer.mx\/rmi\/wp-json\/wp\/v2\/posts\/7806\/revisions"}],"wp:featuredmedia":[{"embeddable":true,"href":"https:\/\/www.imer.mx\/rmi\/wp-json\/wp\/v2\/media\/7811"}],"wp:attachment":[{"href":"https:\/\/www.imer.mx\/rmi\/wp-json\/wp\/v2\/media?parent=7806"}],"wp:term":[{"taxonomy":"category","embeddable":true,"href":"https:\/\/www.imer.mx\/rmi\/wp-json\/wp\/v2\/categories?post=7806"},{"taxonomy":"post_tag","embeddable":true,"href":"https:\/\/www.imer.mx\/rmi\/wp-json\/wp\/v2\/tags?post=7806"}],"curies":[{"name":"wp","href":"https:\/\/api.w.org\/{rel}","templated":true}]}}