{"id":7707,"date":"2014-01-21T20:13:38","date_gmt":"2014-01-22T02:13:38","guid":{"rendered":"http:\/\/radiomexicointernacional.imer.gob.mx\/?p=7707"},"modified":"2015-04-17T10:54:15","modified_gmt":"2015-04-17T15:54:15","slug":"el-retrato-7","status":"publish","type":"post","link":"https:\/\/www.imer.mx\/rmi\/el-retrato-7\/","title":{"rendered":"El retrato&#8230; Jos\u00e9 Guadalupe Posada."},"content":{"rendered":"<p style=\"text-align: justify\"><img loading=\"lazy\" decoding=\"async\" class=\"alignleft size-full wp-image-7761\" alt=\"calavera 1\" src=\"http:\/\/radiomexicointernacional.imer.gob.mx\/wp-content\/uploads\/calavera-1.jpg\" width=\"293\" height=\"172\" \/> El trazo preciso, la imaginaci\u00f3n desbordada, el trabajo constante, la cr\u00edtica incisiva, la descripci\u00f3n exacta, la fuerza de las im\u00e1genes impresas\u2026 todo esto forma parte de la herencia art\u00edstica del grabador mexicano Jos\u00e9 Guadalupe Posada, un hombre que naci\u00f3 en el Barrio del Encino de Aguascalientes, el 3 de febrero de 1852 y que muri\u00f3 en la ciudad de M\u00e9xico el 30 de enero de 1913. Aprendi\u00f3 dibujo en su ciudad natal y ah\u00ed mismo se emple\u00f3 como aprendiz en un taller litogr\u00e1fico. Su gran talento para la caricatura y su brillante t\u00e9cnica como grabador, le permitieron desarrollar trabajos muy variados y realizar su labor tambi\u00e9n en Le\u00f3n Guanajuato y en la ciudad de M\u00e9xico, donde logr\u00f3 tener un prestigiado taller. Sus calaveras, que ahora han cobrado una fama desmedida, son s\u00f3lo una parte muy peque\u00f1a de su trabajo como lit\u00f3grafo y grabador. Porque la obra de Don Lupe, como era conocido en su medio, fue mucho m\u00e1s amplia y qued\u00f3 plasmada en muy diversas im\u00e1genes impresas: caricaturas pol\u00edticas, hojas volantes, estampas religiosas, etiquetas, corridos ilustrados, cintillos de puros, art\u00edculos publicitarios, cromos, libros y folletines. Las im\u00e1genes de Jos\u00e9 Guadalupe Posada forman parte fundamental de la cultura mexicana y seguir\u00e1n siempre inquiet\u00e1ndonos y conmovi\u00e9ndonos\u2026<\/p>\n<p style=\"text-align: justify\">Les invitamos a escuchar algunos fragmentos de una entrevista que RMI realiz\u00f3 con el historiador Agust\u00edn S\u00e1nchez, experto en la vida y la obra de Jos\u00e9 Guadalupe Posada\u2026<\/p>\n<p>&nbsp;<br \/>\n<audio class=\"wp-audio-shortcode\" id=\"audio-7707-1\" preload=\"none\" style=\"width: 100%;\" controls=\"controls\"><source type=\"audio\/mpeg\" src=\"http:\/\/www.imer.gob.mx\/phpwrappers\/podcast\/apitrck\/uploads\/332\/01_posada.mp3?_=1\" \/><a href=\"http:\/\/www.imer.gob.mx\/phpwrappers\/podcast\/apitrck\/uploads\/332\/01_posada.mp3\">http:\/\/www.imer.gob.mx\/phpwrappers\/podcast\/apitrck\/uploads\/332\/01_posada.mp3<\/a><\/audio><br \/>\n&nbsp;<\/p>\n","protected":false},"excerpt":{"rendered":"<p>El trazo preciso, la imaginaci\u00f3n desbordada, el trabajo constante, la cr\u00edtica incisiva, la descripci\u00f3n exacta, la fuerza de las im\u00e1genes impresas\u2026 todo esto forma parte de la herencia art\u00edstica del grabador mexicano Jos\u00e9 Guadalupe Posada, un hombre que naci\u00f3 en el Barrio del Encino de Aguascalientes, el 3 de febrero de 1852 &#8230;<\/p>\n","protected":false},"author":18,"featured_media":7762,"comment_status":"closed","ping_status":"closed","sticky":false,"template":"","format":"standard","meta":{"wp_popup_display_lightbox":0,"wp_popup_suppress":"","wp_popup_trigger":"","wp_popup_trigger_amount":0,"wp_popup_disable_on_mobile":false,"footnotes":""},"categories":[8,3],"tags":[],"class_list":["post-7707","post","type-post","status-publish","format-standard","has-post-thumbnail","hentry","category-destacados","category-radiomexicointernacional","category-8","category-3","description-off"],"_links":{"self":[{"href":"https:\/\/www.imer.mx\/rmi\/wp-json\/wp\/v2\/posts\/7707","targetHints":{"allow":["GET"]}}],"collection":[{"href":"https:\/\/www.imer.mx\/rmi\/wp-json\/wp\/v2\/posts"}],"about":[{"href":"https:\/\/www.imer.mx\/rmi\/wp-json\/wp\/v2\/types\/post"}],"author":[{"embeddable":true,"href":"https:\/\/www.imer.mx\/rmi\/wp-json\/wp\/v2\/users\/18"}],"replies":[{"embeddable":true,"href":"https:\/\/www.imer.mx\/rmi\/wp-json\/wp\/v2\/comments?post=7707"}],"version-history":[{"count":0,"href":"https:\/\/www.imer.mx\/rmi\/wp-json\/wp\/v2\/posts\/7707\/revisions"}],"wp:featuredmedia":[{"embeddable":true,"href":"https:\/\/www.imer.mx\/rmi\/wp-json\/wp\/v2\/media\/7762"}],"wp:attachment":[{"href":"https:\/\/www.imer.mx\/rmi\/wp-json\/wp\/v2\/media?parent=7707"}],"wp:term":[{"taxonomy":"category","embeddable":true,"href":"https:\/\/www.imer.mx\/rmi\/wp-json\/wp\/v2\/categories?post=7707"},{"taxonomy":"post_tag","embeddable":true,"href":"https:\/\/www.imer.mx\/rmi\/wp-json\/wp\/v2\/tags?post=7707"}],"curies":[{"name":"wp","href":"https:\/\/api.w.org\/{rel}","templated":true}]}}