{"id":766,"date":"2012-07-06T00:54:27","date_gmt":"2012-07-06T05:54:27","guid":{"rendered":"http:\/\/radiomexicointernacional.imer.gob.mx\/wordpress\/frida-kahlo-105-aniversario-de-su-natalicio\/"},"modified":"2012-07-06T00:54:27","modified_gmt":"2012-07-06T05:54:27","slug":"frida-kahlo-105-aniversario-de-su-natalicio","status":"publish","type":"post","link":"https:\/\/www.imer.mx\/rmi\/frida-kahlo-105-aniversario-de-su-natalicio\/","title":{"rendered":"Frida Kahlo 105 aniversario de su natalicio"},"content":{"rendered":"<p><img loading=\"lazy\" decoding=\"async\" style=\"margin: 5px;float: left\" alt=\"frida_kahlo_web\" src=\"http:\/\/radiomexicointernacional.imer.gob.mx\/wordpress\/wp-content\/uploads\/frida_kahlo_web.jpg\" width=\"120\" height=\"160\" \/>Magdalena Carmen Frida Kahlo Calder\u00f3n nace en Coyoac\u00e1n, el 6 de julio de 1907. En el a\u00f1o 1913 contrae poliomielitis lo que le afecta la pierna derecha. Inicia sus estudios en la Escuela Nacional Preparatoria en el a\u00f1o 1922, donde ve por primera vez a Diego Rivera pintando su mural &#8220;La Creaci\u00f3n&#8221;.<\/p>\n<p>En 1926, sufre un terrible accidente, quedando herida por la colisi\u00f3n entre un auto y un tranv\u00eda. Se rompi\u00f3 la columna vertebral en tres partes y una varilla le atraveso la cadera produci\u00e9ndole una triple fractura de la pelvis. Comenz\u00f3 a pintar en su larga convalecencia. Contrajo matrimonio con Diego Rivera y se destac\u00f3 como artista por sus complejas interpretaciones sobre s\u00ed misma y por cuadros como: <em>Autorretrato con monos y Las dos Fridas<\/em>. Hoy es una figura destacada a nivel internacional de la pintura mexicana del siglo XX.<\/p>\n<p>&nbsp;<\/p>\n<p><span style=\"color: #ff0000\"><em>radiomexicointernacional \u00a0<\/em><\/span>tiene para ti la serie <strong><em>Palabras de Frida Kahlo<\/em><\/strong> en voz de la historiadora Raquel Tibol escucha las c\u00e1psulas en esta liga<\/p>\n","protected":false},"excerpt":{"rendered":"<p>Magdalena Carmen Frida Kahlo Calder\u00f3n nace en Coyoac\u00e1n, el 6 de julio de 1907. En el a\u00f1o 1913 contrae poliomielitis lo que le afecta la pierna derecha. Inicia sus estudios en la Escuela Nacional Preparatoria en el a\u00f1o 1922, donde ve por primera vez a Diego Rivera pintando su mural &#8220;La Creaci\u00f3n&#8221;. En 1926, sufre&hellip;<\/p>\n","protected":false},"author":1,"featured_media":765,"comment_status":"closed","ping_status":"closed","sticky":false,"template":"","format":"audio","meta":{"wp_popup_display_lightbox":0,"wp_popup_suppress":"","wp_popup_trigger":"","wp_popup_trigger_amount":0,"wp_popup_disable_on_mobile":false,"footnotes":""},"categories":[3],"tags":[],"class_list":["post-766","post","type-post","status-publish","format-audio","has-post-thumbnail","hentry","category-radiomexicointernacional","post_format-post-format-audio","category-3","description-off"],"_links":{"self":[{"href":"https:\/\/www.imer.mx\/rmi\/wp-json\/wp\/v2\/posts\/766","targetHints":{"allow":["GET"]}}],"collection":[{"href":"https:\/\/www.imer.mx\/rmi\/wp-json\/wp\/v2\/posts"}],"about":[{"href":"https:\/\/www.imer.mx\/rmi\/wp-json\/wp\/v2\/types\/post"}],"author":[{"embeddable":true,"href":"https:\/\/www.imer.mx\/rmi\/wp-json\/wp\/v2\/users\/1"}],"replies":[{"embeddable":true,"href":"https:\/\/www.imer.mx\/rmi\/wp-json\/wp\/v2\/comments?post=766"}],"version-history":[{"count":0,"href":"https:\/\/www.imer.mx\/rmi\/wp-json\/wp\/v2\/posts\/766\/revisions"}],"wp:featuredmedia":[{"embeddable":true,"href":"https:\/\/www.imer.mx\/rmi\/wp-json\/wp\/v2\/media\/765"}],"wp:attachment":[{"href":"https:\/\/www.imer.mx\/rmi\/wp-json\/wp\/v2\/media?parent=766"}],"wp:term":[{"taxonomy":"category","embeddable":true,"href":"https:\/\/www.imer.mx\/rmi\/wp-json\/wp\/v2\/categories?post=766"},{"taxonomy":"post_tag","embeddable":true,"href":"https:\/\/www.imer.mx\/rmi\/wp-json\/wp\/v2\/tags?post=766"}],"curies":[{"name":"wp","href":"https:\/\/api.w.org\/{rel}","templated":true}]}}