{"id":737,"date":"2012-06-08T18:34:32","date_gmt":"2012-06-08T23:34:32","guid":{"rendered":"http:\/\/radiomexicointernacional.imer.gob.mx\/wordpress\/in-memoriam-arturo-azuela\/"},"modified":"2012-06-08T18:34:32","modified_gmt":"2012-06-08T23:34:32","slug":"in-memoriam-arturo-azuela","status":"publish","type":"post","link":"https:\/\/www.imer.mx\/rmi\/in-memoriam-arturo-azuela\/","title":{"rendered":"In memoriam Arturo Azuela"},"content":{"rendered":"<p><img loading=\"lazy\" decoding=\"async\" style=\"margin: 3px;float: left\" alt=\"arturo_azuela_web_rmi\" src=\"http:\/\/radiomexicointernacional.imer.gob.mx\/wordpress\/wp-content\/uploads\/arturo_azuela_web_rmi.jpg\" width=\"180\" height=\"142\" \/>El escritor, historiador y acad\u00e9mico Arturo Azuela, nieto del reconocido narrador mexicano Mariano Azuela, falleci\u00f3 el 7 de junio en la Ciudad de M\u00e9xico. Licenciado en Historia, maestro en Ciencias (Matem\u00e1ticas), doctor en Historia por la Universidad Nacional Aut\u00f3noma de M\u00e9xico (UNAM y doctor cum laude por la Universidad de Zaragoza, Espa\u00f1a.<\/p>\n<p>Arturo Azuela presidia desde hace siete a\u00f1os el Seminario de Cultura Mexicana, es autor de las obras: &#8220;El tama\u00f1o del infierno&#8221;, &#8220;Un tal Jos\u00e9 Salom\u00e9&#8221;, &#8220;El matem\u00e1tico&#8221;, &#8220;Estuche para dos violines&#8221; y &#8220;Desde Xaulin. Historia de la Ruta de Goya&#8221;<\/p>\n<p>Activo hasta el \u00faltimo momento Azuela acababa de terminar la que llam\u00f3 &#8220;biograf\u00eda c\u00e1lida&#8221; de su amigo Juan Rulfo, en la que narra 29 a\u00f1os de amistad literaria y de experiencias compartidas.<\/p>\n<p>Su recuerdo y su obra quedan en nuestra memoria.<\/p>\n<p>Descanse en paz Arturo Azuela (1938 &#8211; 2012)<\/p>\n<p><em>Texto: Cecilia K\u00fchne<\/em><\/p>\n<p>&nbsp;<\/p>\n","protected":false},"excerpt":{"rendered":"<p>El escritor, historiador y acad\u00e9mico Arturo Azuela, nieto del reconocido narrador mexicano Mariano Azuela, falleci\u00f3 el 7 de junio en la Ciudad de M\u00e9xico. Licenciado en Historia, maestro en Ciencias (Matem\u00e1ticas), doctor en Historia por la Universidad Nacional Aut\u00f3noma de M\u00e9xico (UNAM y doctor cum laude por la Universidad de Zaragoza, Espa\u00f1a. Arturo Azuela presidia&hellip;<\/p>\n","protected":false},"author":1,"featured_media":736,"comment_status":"closed","ping_status":"closed","sticky":false,"template":"","format":"audio","meta":{"wp_popup_display_lightbox":0,"wp_popup_suppress":"","wp_popup_trigger":"","wp_popup_trigger_amount":0,"wp_popup_disable_on_mobile":false,"footnotes":""},"categories":[3],"tags":[],"class_list":["post-737","post","type-post","status-publish","format-audio","has-post-thumbnail","hentry","category-radiomexicointernacional","post_format-post-format-audio","category-3","description-off"],"_links":{"self":[{"href":"https:\/\/www.imer.mx\/rmi\/wp-json\/wp\/v2\/posts\/737","targetHints":{"allow":["GET"]}}],"collection":[{"href":"https:\/\/www.imer.mx\/rmi\/wp-json\/wp\/v2\/posts"}],"about":[{"href":"https:\/\/www.imer.mx\/rmi\/wp-json\/wp\/v2\/types\/post"}],"author":[{"embeddable":true,"href":"https:\/\/www.imer.mx\/rmi\/wp-json\/wp\/v2\/users\/1"}],"replies":[{"embeddable":true,"href":"https:\/\/www.imer.mx\/rmi\/wp-json\/wp\/v2\/comments?post=737"}],"version-history":[{"count":0,"href":"https:\/\/www.imer.mx\/rmi\/wp-json\/wp\/v2\/posts\/737\/revisions"}],"wp:featuredmedia":[{"embeddable":true,"href":"https:\/\/www.imer.mx\/rmi\/wp-json\/wp\/v2\/media\/736"}],"wp:attachment":[{"href":"https:\/\/www.imer.mx\/rmi\/wp-json\/wp\/v2\/media?parent=737"}],"wp:term":[{"taxonomy":"category","embeddable":true,"href":"https:\/\/www.imer.mx\/rmi\/wp-json\/wp\/v2\/categories?post=737"},{"taxonomy":"post_tag","embeddable":true,"href":"https:\/\/www.imer.mx\/rmi\/wp-json\/wp\/v2\/tags?post=737"}],"curies":[{"name":"wp","href":"https:\/\/api.w.org\/{rel}","templated":true}]}}