{"id":4774,"date":"2012-09-10T16:13:57","date_gmt":"2012-09-10T21:13:57","guid":{"rendered":"http:\/\/radiomexicointernacional.imer.gob.mx\/wordpress\/?p=4774"},"modified":"2016-01-22T12:54:59","modified_gmt":"2016-01-22T18:54:59","slug":"en-memoria-de-don-ernesto-de-la-pena","status":"publish","type":"post","link":"https:\/\/www.imer.mx\/rmi\/en-memoria-de-don-ernesto-de-la-pena\/","title":{"rendered":"En memoria de Don Ernesto de la Pe\u00f1a"},"content":{"rendered":"<p><img loading=\"lazy\" decoding=\"async\" class=\"alignnone size-full wp-image-861\" src=\"https:\/\/www.imer.mx\/rmi\/wp-content\/uploads\/sites\/3\/2012\/09\/ernestodelapea.jpg\" alt=\"ernestodelapea\" width=\"181\" height=\"279\" \/><\/p>\n<p>El Instituto Mexicano de la Radio, a tr\u00e1ves de todas sus emisoras, lamenta el fallecimiento del Maestro\u00a0Ernesto de la Pe\u00f1a, fil\u00f3logo notable, hombre de conocimiento universal, conocedor vasto de las lenguas, y\u00a0colaborador de este Instituto.<\/p>\n<p>Su m\u00e1s reciente reconocimiento, el XXVI Premio Internacional Men\u00e9ndez Pelayo, le fue otorgado el pasado 6 de septiembre en El Colegio de M\u00e9xico; el IMER estuvo presente en este acontecimiento que se transmiti\u00f3 en directo a trav\u00e9s de radiomexicointernacional y Opus 94.5.<\/p>\n<p>Te invitamos a escuchar el programa especial que el IMER realiz\u00f3 a forma de homenaje.<\/p>\n<p><strong><em>Programa especial<\/em><\/strong><\/p>\n<audio class=\"wp-audio-shortcode\" id=\"audio-4774-1\" preload=\"none\" style=\"width: 100%;\" controls=\"controls\"><source type=\"audio\/mpeg\" src=\"http:\/\/www.imer.gob.mx\/phpwrappers\/podcast\/apitrck\/uploads\/106\/especial_ernestodelapenia.mp3?_=1\" \/><a href=\"http:\/\/www.imer.gob.mx\/phpwrappers\/podcast\/apitrck\/uploads\/106\/especial_ernestodelapenia.mp3\">http:\/\/www.imer.gob.mx\/phpwrappers\/podcast\/apitrck\/uploads\/106\/especial_ernestodelapenia.mp3<\/a><\/audio>\n<p>&nbsp;<\/p>\n<p><strong><em>Homenaje P\u00f3stumo a Ernesto de la Pe\u00f1a en el Palacio de Bellas Artes<\/em><\/strong><\/p>\n<audio class=\"wp-audio-shortcode\" id=\"audio-4774-2\" preload=\"none\" style=\"width: 100%;\" controls=\"controls\"><source type=\"audio\/mpeg\" src=\"http:\/\/www.imer.gob.mx\/phpwrappers\/podcast\/apitrck\/uploads\/106\/homenaje_hernesto_de_la_pena_edit_ok.mp3?_=2\" \/><a href=\"http:\/\/www.imer.gob.mx\/phpwrappers\/podcast\/apitrck\/uploads\/106\/homenaje_hernesto_de_la_pena_edit_ok.mp3\">http:\/\/www.imer.gob.mx\/phpwrappers\/podcast\/apitrck\/uploads\/106\/homenaje_hernesto_de_la_pena_edit_ok.mp3<\/a><\/audio>\n","protected":false},"excerpt":{"rendered":"<p>El Instituto Mexicano de la Radio, a tr\u00e1ves de todas sus emisoras, lamenta el fallecimiento del Maestro\u00a0Ernesto de la Pe\u00f1a, fil\u00f3logo notable, hombre de conocimiento universal, conocedor vasto de las lenguas, y\u00a0colaborador de este Instituto. Su m\u00e1s reciente reconocimiento, el XXVI Premio Internacional Men\u00e9ndez Pelayo, le fue otorgado el pasado 6 de septiembre en El&hellip;<\/p>\n","protected":false},"author":1,"featured_media":0,"comment_status":"closed","ping_status":"closed","sticky":false,"template":"","format":"standard","meta":{"wp_popup_display_lightbox":0,"wp_popup_suppress":"","wp_popup_trigger":"","wp_popup_trigger_amount":0,"wp_popup_disable_on_mobile":false,"footnotes":""},"categories":[3],"tags":[],"class_list":["post-4774","post","type-post","status-publish","format-standard","hentry","category-radiomexicointernacional","category-3","description-off"],"_links":{"self":[{"href":"https:\/\/www.imer.mx\/rmi\/wp-json\/wp\/v2\/posts\/4774","targetHints":{"allow":["GET"]}}],"collection":[{"href":"https:\/\/www.imer.mx\/rmi\/wp-json\/wp\/v2\/posts"}],"about":[{"href":"https:\/\/www.imer.mx\/rmi\/wp-json\/wp\/v2\/types\/post"}],"author":[{"embeddable":true,"href":"https:\/\/www.imer.mx\/rmi\/wp-json\/wp\/v2\/users\/1"}],"replies":[{"embeddable":true,"href":"https:\/\/www.imer.mx\/rmi\/wp-json\/wp\/v2\/comments?post=4774"}],"version-history":[{"count":0,"href":"https:\/\/www.imer.mx\/rmi\/wp-json\/wp\/v2\/posts\/4774\/revisions"}],"wp:attachment":[{"href":"https:\/\/www.imer.mx\/rmi\/wp-json\/wp\/v2\/media?parent=4774"}],"wp:term":[{"taxonomy":"category","embeddable":true,"href":"https:\/\/www.imer.mx\/rmi\/wp-json\/wp\/v2\/categories?post=4774"},{"taxonomy":"post_tag","embeddable":true,"href":"https:\/\/www.imer.mx\/rmi\/wp-json\/wp\/v2\/tags?post=4774"}],"curies":[{"name":"wp","href":"https:\/\/api.w.org\/{rel}","templated":true}]}}