{"id":4735,"date":"2011-10-15T00:57:56","date_gmt":"2011-10-15T05:57:56","guid":{"rendered":"http:\/\/radiomexicointernacional.imer.gob.mx\/wordpress\/?p=4735"},"modified":"2016-01-22T13:09:43","modified_gmt":"2016-01-22T19:09:43","slug":"entrega-del-premio-alfonso-reyes-2011-al-escritor-mexicano-jose-emilio-pacheco","status":"publish","type":"post","link":"https:\/\/www.imer.mx\/rmi\/entrega-del-premio-alfonso-reyes-2011-al-escritor-mexicano-jose-emilio-pacheco\/","title":{"rendered":"Entrega del Premio &quot;Alfonso Reyes 2011&quot; al escritor mexicano Jos\u00e9 Emilio Pacheco"},"content":{"rendered":"<p><img loading=\"lazy\" decoding=\"async\" class=\"alignleft  wp-image-10991\" src=\"https:\/\/www.imer.mx\/rmi\/wp-content\/uploads\/sites\/3\/2015\/01\/jose_emilio_pacheco_02.jpg\" alt=\"jose_emilio_pacheco_02\" width=\"310\" height=\"234\" srcset=\"https:\/\/www.imer.mx\/rmi\/wp-content\/uploads\/sites\/3\/2015\/01\/jose_emilio_pacheco_02.jpg 600w, https:\/\/www.imer.mx\/rmi\/wp-content\/uploads\/sites\/3\/2015\/01\/jose_emilio_pacheco_02-300x225.jpg 300w\" sizes=\"auto, (max-width: 310px) 100vw, 310px\" \/>El Colegio de M\u00e9xico entreg\u00f3 el 13 de octubre de 2011,\u00a0el Premio &#8216;Alfonso Reyes&#8217; 2011 al poeta, narrador, ensayista y traductor mexicano Jos\u00e9 Emilio Pacheco, quien ofreci\u00f3 la conferencia magistral: \u201cA 30 a\u00f1os de &#8216;Las batallas en el desierto&#8217;\u201d.<\/p>\n<p>El galard\u00f3n, que reconoce la trayectoria literaria y la invaluable aportaci\u00f3n de Jos\u00e9 Emilio Pacheco a las humanidades y la cultura hispanoamericana, fue decidido por unanimidad por el jurado del premio, encabezado por el doctor Javier Garciadiego, presidente del Colmex.<\/p>\n<p>&nbsp;<\/p>\n<p style=\"text-align: justify;\">Escucha la transmisi\u00f3n especial que realiz\u00f3 <span style=\"color: #ff0000;\"><strong>radiomexicointernacional<\/strong>:<\/span><\/p>\n<audio class=\"wp-audio-shortcode\" id=\"audio-4735-1\" preload=\"none\" style=\"width: 100%;\" controls=\"controls\"><source type=\"audio\/mpeg\" src=\"http:\/\/www.imer.gob.mx\/phpwrappers\/podcast\/apitrck\/uploads\/106\/cobertura_jose_emilio_pacheco_premio_alfonso_reyes_2011.mp3?_=1\" \/><a href=\"http:\/\/www.imer.gob.mx\/phpwrappers\/podcast\/apitrck\/uploads\/106\/cobertura_jose_emilio_pacheco_premio_alfonso_reyes_2011.mp3\">http:\/\/www.imer.gob.mx\/phpwrappers\/podcast\/apitrck\/uploads\/106\/cobertura_jose_emilio_pacheco_premio_alfonso_reyes_2011.mp3<\/a><\/audio>\n","protected":false},"excerpt":{"rendered":"<p>El Colegio de M\u00e9xico entreg\u00f3 el 13 de octubre de 2011,\u00a0el Premio &#8216;Alfonso Reyes&#8217; 2011 al poeta, narrador, ensayista y traductor mexicano Jos\u00e9 Emilio Pacheco, quien ofreci\u00f3 la conferencia magistral: \u201cA 30 a\u00f1os de &#8216;Las batallas en el desierto&#8217;\u201d. El galard\u00f3n, que reconoce la trayectoria literaria y la invaluable aportaci\u00f3n de Jos\u00e9 Emilio Pacheco a&hellip;<\/p>\n","protected":false},"author":1,"featured_media":0,"comment_status":"closed","ping_status":"closed","sticky":false,"template":"","format":"standard","meta":{"wp_popup_display_lightbox":0,"wp_popup_suppress":"","wp_popup_trigger":"","wp_popup_trigger_amount":0,"wp_popup_disable_on_mobile":false,"footnotes":""},"categories":[3],"tags":[],"class_list":["post-4735","post","type-post","status-publish","format-standard","hentry","category-radiomexicointernacional","category-3","description-off"],"_links":{"self":[{"href":"https:\/\/www.imer.mx\/rmi\/wp-json\/wp\/v2\/posts\/4735","targetHints":{"allow":["GET"]}}],"collection":[{"href":"https:\/\/www.imer.mx\/rmi\/wp-json\/wp\/v2\/posts"}],"about":[{"href":"https:\/\/www.imer.mx\/rmi\/wp-json\/wp\/v2\/types\/post"}],"author":[{"embeddable":true,"href":"https:\/\/www.imer.mx\/rmi\/wp-json\/wp\/v2\/users\/1"}],"replies":[{"embeddable":true,"href":"https:\/\/www.imer.mx\/rmi\/wp-json\/wp\/v2\/comments?post=4735"}],"version-history":[{"count":0,"href":"https:\/\/www.imer.mx\/rmi\/wp-json\/wp\/v2\/posts\/4735\/revisions"}],"wp:attachment":[{"href":"https:\/\/www.imer.mx\/rmi\/wp-json\/wp\/v2\/media?parent=4735"}],"wp:term":[{"taxonomy":"category","embeddable":true,"href":"https:\/\/www.imer.mx\/rmi\/wp-json\/wp\/v2\/categories?post=4735"},{"taxonomy":"post_tag","embeddable":true,"href":"https:\/\/www.imer.mx\/rmi\/wp-json\/wp\/v2\/tags?post=4735"}],"curies":[{"name":"wp","href":"https:\/\/api.w.org\/{rel}","templated":true}]}}