{"id":4707,"date":"2011-11-12T01:33:13","date_gmt":"2011-11-12T07:33:13","guid":{"rendered":"http:\/\/radiomexicointernacional.imer.gob.mx\/wordpress\/?p=4707"},"modified":"2011-11-12T01:33:13","modified_gmt":"2011-11-12T07:33:13","slug":"expo-sep-90-anos-y-sus-actividades","status":"publish","type":"post","link":"https:\/\/www.imer.mx\/rmi\/expo-sep-90-anos-y-sus-actividades\/","title":{"rendered":"Expo SEP 90 a\u00f1os y sus actividades"},"content":{"rendered":"<p>radiomexicointernacional del IMER le invita a seguir festejando los 90 A\u00f1os de la SEP, con las actividades conmemorativas que se llevar\u00e1n a cabo durante el mes de diciembre en la Biblioteca Vasconcelos.<\/p>\n<p>&nbsp;<\/p>\n<div align=\"center\"><\/div>\n<p><a href=\"http:\/\/www.bibliotecavasconcelos.gob.mx\/convocatorias.php\">Consulte aqu\u00ed las actividades de diciembre SEP 90 a\u00f1os y la Biblioteca Vasconcelos<\/a><\/p>\n","protected":false},"excerpt":{"rendered":"<p>radiomexicointernacional del IMER le invita a seguir festejando los 90 A\u00f1os de la SEP, con las actividades conmemorativas que se llevar\u00e1n a cabo durante el mes de diciembre en la Biblioteca Vasconcelos. &nbsp; Consulte aqu\u00ed las actividades de diciembre SEP 90 a\u00f1os y la Biblioteca Vasconcelos<\/p>\n","protected":false},"author":1,"featured_media":0,"comment_status":"closed","ping_status":"closed","sticky":false,"template":"","format":"standard","meta":{"wp_popup_display_lightbox":0,"wp_popup_suppress":"","wp_popup_trigger":"","wp_popup_trigger_amount":0,"wp_popup_disable_on_mobile":false,"footnotes":""},"categories":[3],"tags":[],"class_list":["post-4707","post","type-post","status-publish","format-standard","hentry","category-radiomexicointernacional","category-3","description-off"],"_links":{"self":[{"href":"https:\/\/www.imer.mx\/rmi\/wp-json\/wp\/v2\/posts\/4707","targetHints":{"allow":["GET"]}}],"collection":[{"href":"https:\/\/www.imer.mx\/rmi\/wp-json\/wp\/v2\/posts"}],"about":[{"href":"https:\/\/www.imer.mx\/rmi\/wp-json\/wp\/v2\/types\/post"}],"author":[{"embeddable":true,"href":"https:\/\/www.imer.mx\/rmi\/wp-json\/wp\/v2\/users\/1"}],"replies":[{"embeddable":true,"href":"https:\/\/www.imer.mx\/rmi\/wp-json\/wp\/v2\/comments?post=4707"}],"version-history":[{"count":0,"href":"https:\/\/www.imer.mx\/rmi\/wp-json\/wp\/v2\/posts\/4707\/revisions"}],"wp:attachment":[{"href":"https:\/\/www.imer.mx\/rmi\/wp-json\/wp\/v2\/media?parent=4707"}],"wp:term":[{"taxonomy":"category","embeddable":true,"href":"https:\/\/www.imer.mx\/rmi\/wp-json\/wp\/v2\/categories?post=4707"},{"taxonomy":"post_tag","embeddable":true,"href":"https:\/\/www.imer.mx\/rmi\/wp-json\/wp\/v2\/tags?post=4707"}],"curies":[{"name":"wp","href":"https:\/\/api.w.org\/{rel}","templated":true}]}}