{"id":450,"date":"2011-10-27T17:18:08","date_gmt":"2011-10-27T22:18:08","guid":{"rendered":"http:\/\/radiomexicointernacional.imer.gob.mx\/wordpress\/va-mi-resto-recordando-a-salvador-qel-negroq-ojeda\/"},"modified":"2011-10-27T17:18:08","modified_gmt":"2011-10-27T22:18:08","slug":"va-mi-resto-recordando-a-salvador-qel-negroq-ojeda","status":"publish","type":"post","link":"https:\/\/www.imer.mx\/rmi\/va-mi-resto-recordando-a-salvador-qel-negroq-ojeda\/","title":{"rendered":"Va mi resto&#8230; Recordando a Salvador &quot;El Negro&quot; Ojeda"},"content":{"rendered":"<p>&nbsp;<\/p>\n<p style=\"text-align: center\"><img loading=\"lazy\" decoding=\"async\" style=\"margin: 3px;float: left\" alt=\"ojeda\" src=\"http:\/\/radiomexicointernacional.imer.gob.mx\/wordpress\/wp-content\/uploads\/ojeda.jpg\" width=\"216\" height=\"151\" \/><strong><em>&#8220;A la vida no hay que tom\u00e1rsela en serio&#8221;<\/em><\/strong><\/p>\n<p style=\"text-align: center\"><em>Salvador &#8220;El Negro&#8221; Ojeda<\/em><\/p>\n<p>El m\u00fasico Salvador &#8220;El Negro&#8221; Ojeda, naci\u00f3 en la Ciudad de M\u00e9xico en 1931. Tocaba la guitarra, el piano, el contrabajo y las percusiones.\u00a0Se destac\u00f3 por componer sones, corridos, hupangos y boleros. Fue fundador del grupo<em> Los Folkloristas.\u00a0<\/em>Su pasi\u00f3n por la m\u00fasica lo llev\u00f3 a investigar los g\u00e9neros populares mexicanos. En 1962 inaugur\u00f3 su caf\u00e9 <em>Chez Negro <\/em>en el que se presentaron infinidad de artistas, algunos principiantes que destacaron a\u00f1os m\u00e1s tarde como: Gerardo Tamez, Nacho Mendez, Margarita Bauche y otros profesionales, entre ellos Lola Beltr\u00e1n, Cham\u00edn Correa,\u00a0Milla Dom\u00ednguez y\u00a0Paco Michel.<\/p>\n<p>Salvador &#8220;El Negro&#8221; Ojeda falleci\u00f3 el 9 de frebrero del a\u00f1o 2010, el pr\u00f3ximo domingo 31 de octubre le rendir\u00e1n un homenaje p\u00f3stumo: VA MI RESTO&#8230; Recordando a Salvador &#8220;El Negro&#8221; Ojeda, ah\u00ed se presentar\u00e1 su \u00faltimo disco <em>Mon\u00f3logo, <\/em>con algunos temas de Joan Manuel Serrat, Silvio Rodr\u00edguez y Justi Barreto entre otros, bajo la producci\u00f3n y arreglos de su hijo Santiago Ojeda. Reunidos familiares y amigos interpretar\u00e1n algunas piezas.<\/p>\n<p><em>Lugar: Teatro Esperanza Iris.\u00a0Donceles n\u00fam. 36 col. Centro Metro Allende a las 18:30 hrs. (Hora del centro de M\u00e9xico)<\/em><\/p>\n<p>En entrevista para <em><strong><span style=\"color: #ff0000\">radiom\u00e9xicointernacional <\/span><\/strong><\/em>el periodista y escritor Julio Pat\u00e1n nos cuenta sobre el evento:<\/p>\n<p>&nbsp;<\/p>\n","protected":false},"excerpt":{"rendered":"<p>&nbsp; &#8220;A la vida no hay que tom\u00e1rsela en serio&#8221; Salvador &#8220;El Negro&#8221; Ojeda El m\u00fasico Salvador &#8220;El Negro&#8221; Ojeda, naci\u00f3 en la Ciudad de M\u00e9xico en 1931. Tocaba la guitarra, el piano, el contrabajo y las percusiones.\u00a0Se destac\u00f3 por componer sones, corridos, hupangos y boleros. Fue fundador del grupo Los Folkloristas.\u00a0Su pasi\u00f3n por la&hellip;<\/p>\n","protected":false},"author":1,"featured_media":449,"comment_status":"closed","ping_status":"closed","sticky":false,"template":"","format":"audio","meta":{"wp_popup_display_lightbox":0,"wp_popup_suppress":"","wp_popup_trigger":"","wp_popup_trigger_amount":0,"wp_popup_disable_on_mobile":false,"footnotes":""},"categories":[3],"tags":[],"class_list":["post-450","post","type-post","status-publish","format-audio","has-post-thumbnail","hentry","category-radiomexicointernacional","post_format-post-format-audio","category-3","description-off"],"_links":{"self":[{"href":"https:\/\/www.imer.mx\/rmi\/wp-json\/wp\/v2\/posts\/450","targetHints":{"allow":["GET"]}}],"collection":[{"href":"https:\/\/www.imer.mx\/rmi\/wp-json\/wp\/v2\/posts"}],"about":[{"href":"https:\/\/www.imer.mx\/rmi\/wp-json\/wp\/v2\/types\/post"}],"author":[{"embeddable":true,"href":"https:\/\/www.imer.mx\/rmi\/wp-json\/wp\/v2\/users\/1"}],"replies":[{"embeddable":true,"href":"https:\/\/www.imer.mx\/rmi\/wp-json\/wp\/v2\/comments?post=450"}],"version-history":[{"count":0,"href":"https:\/\/www.imer.mx\/rmi\/wp-json\/wp\/v2\/posts\/450\/revisions"}],"wp:featuredmedia":[{"embeddable":true,"href":"https:\/\/www.imer.mx\/rmi\/wp-json\/wp\/v2\/media\/449"}],"wp:attachment":[{"href":"https:\/\/www.imer.mx\/rmi\/wp-json\/wp\/v2\/media?parent=450"}],"wp:term":[{"taxonomy":"category","embeddable":true,"href":"https:\/\/www.imer.mx\/rmi\/wp-json\/wp\/v2\/categories?post=450"},{"taxonomy":"post_tag","embeddable":true,"href":"https:\/\/www.imer.mx\/rmi\/wp-json\/wp\/v2\/tags?post=450"}],"curies":[{"name":"wp","href":"https:\/\/api.w.org\/{rel}","templated":true}]}}