{"id":4166,"date":"2012-10-23T22:43:49","date_gmt":"2012-10-24T03:43:49","guid":{"rendered":"http:\/\/radiomexicointernacional.imer.gob.mx\/wordpress\/?p=4166"},"modified":"2012-10-23T22:43:49","modified_gmt":"2012-10-24T03:43:49","slug":"las-calaveras-llegan-al-imer","status":"publish","type":"post","link":"https:\/\/www.imer.mx\/rmi\/las-calaveras-llegan-al-imer\/","title":{"rendered":"Las calaveras llegan al IMER"},"content":{"rendered":"<p style=\"text-align: justify\"><span style=\"font-family: arial, helvetica, sans-serif;font-size: 10pt;color: #000000\">El lunes 22 de octubre se inaugur\u00f3 en el Instituto Mexicano de la Radio la exposici\u00f3n fotogr\u00e1fica \u201cCalaveras del mont\u00f3n\u201d que muestra el trabajo de artistas d\u00e9biles visuales y ciegos.<\/span><\/p>\n<p style=\"text-align: justify\"><span style=\"font-family: arial, helvetica, sans-serif;font-size: 10pt;color: #000000\">Bajo la coordinaci\u00f3n del fotoperiodista Juan Miranda, alumnos del taller que se imparte en el Comit\u00e9 Internacional Pro-Ciegos I.A.P., fueron invitados a exhibir sus trabajos junto a la ofrenda del D\u00eda de Muertos que este a\u00f1o el IMER dedica al reci\u00e9n fallecido maestro Ernesto de la Pe\u00f1a.<\/span><\/p>\n<p style=\"text-align: justify\"><span style=\"font-family: arial, helvetica, sans-serif;font-size: 10pt\"><span style=\"color: #000000\">En <\/span><i><span style=\"color: red\">radiom\u00e9xicointernacional <\/span><\/i><span style=\"color: #000000\">conversamos con Juan Miranda y con dos de sus alumnas sobre esta exposici\u00f3n:<\/span><\/span><\/p>\n<p style=\"text-align: justify\"><span style=\"color: #000000\">{audio}http:\/\/www.imer.gob.mx\/phpwrappers\/podcast\/apitrck\/uploads\/106\/entrevista_juan_miranda_y_alumna.mp3{\/audio}<\/span><\/p>\n<p style=\"text-align: justify\"><span style=\"font-family: arial, helvetica, sans-serif;font-size: 10pt;color: #000000\">La Lic. Ana Cecilia Terrazas, directora general del IMER, inaugur\u00f3 la exposici\u00f3n de 31 fotograf\u00edas tomadas por Erika Crespo, Mar\u00eda de la Luz Ponce, Mar\u00eda Teresa Mart\u00ednez, Mart\u00edn Ch\u00e1vez, Milagros Mar\u00edn, Raymundo S\u00e1nchez, Eduardo Mart\u00ednez de la O y Alfredo Orozco.<\/span><\/p>\n<p style=\"text-align: justify\"><span style=\"font-family: arial, helvetica, sans-serif;font-size: 10pt\"><span style=\"color: #000000\">Las im\u00e1genes acompa\u00f1an a la ofrenda del IMER que coordin\u00f3 la profesora Norma Yolanda Contla Pi\u00f1a, quien platic\u00f3 con<\/span> <i><span style=\"color: red\">radiom\u00e9xicointernacional<\/span><\/i> <span style=\"color: #000000\">sobre esta tradici\u00f3n mexicana.<\/span><\/span><\/p>\n<p style=\"text-align: justify\">{audio}http:\/\/www.imer.gob.mx\/phpwrappers\/podcast\/apitrck\/uploads\/106\/inauguracion_anace_y_entrevista_norma_contla.mp3{\/audio}<\/p>\n","protected":false},"excerpt":{"rendered":"<p>El lunes 22 de octubre se inaugur\u00f3 en el Instituto Mexicano de la Radio la exposici\u00f3n fotogr\u00e1fica \u201cCalaveras del mont\u00f3n\u201d que muestra el trabajo de artistas d\u00e9biles visuales y ciegos. Bajo la coordinaci\u00f3n del fotoperiodista Juan Miranda, alumnos del taller que se imparte en el Comit\u00e9 Internacional Pro-Ciegos I.A.P., fueron invitados a exhibir sus trabajos&hellip;<\/p>\n","protected":false},"author":1,"featured_media":0,"comment_status":"closed","ping_status":"closed","sticky":false,"template":"","format":"audio","meta":{"wp_popup_display_lightbox":0,"wp_popup_suppress":"","wp_popup_trigger":"","wp_popup_trigger_amount":0,"wp_popup_disable_on_mobile":false,"footnotes":""},"categories":[3],"tags":[],"class_list":["post-4166","post","type-post","status-publish","format-audio","hentry","category-radiomexicointernacional","post_format-post-format-audio","category-3","description-off"],"_links":{"self":[{"href":"https:\/\/www.imer.mx\/rmi\/wp-json\/wp\/v2\/posts\/4166","targetHints":{"allow":["GET"]}}],"collection":[{"href":"https:\/\/www.imer.mx\/rmi\/wp-json\/wp\/v2\/posts"}],"about":[{"href":"https:\/\/www.imer.mx\/rmi\/wp-json\/wp\/v2\/types\/post"}],"author":[{"embeddable":true,"href":"https:\/\/www.imer.mx\/rmi\/wp-json\/wp\/v2\/users\/1"}],"replies":[{"embeddable":true,"href":"https:\/\/www.imer.mx\/rmi\/wp-json\/wp\/v2\/comments?post=4166"}],"version-history":[{"count":0,"href":"https:\/\/www.imer.mx\/rmi\/wp-json\/wp\/v2\/posts\/4166\/revisions"}],"wp:attachment":[{"href":"https:\/\/www.imer.mx\/rmi\/wp-json\/wp\/v2\/media?parent=4166"}],"wp:term":[{"taxonomy":"category","embeddable":true,"href":"https:\/\/www.imer.mx\/rmi\/wp-json\/wp\/v2\/categories?post=4166"},{"taxonomy":"post_tag","embeddable":true,"href":"https:\/\/www.imer.mx\/rmi\/wp-json\/wp\/v2\/tags?post=4166"}],"curies":[{"name":"wp","href":"https:\/\/api.w.org\/{rel}","templated":true}]}}