{"id":4160,"date":"2012-10-25T01:15:44","date_gmt":"2012-10-25T06:15:44","guid":{"rendered":"http:\/\/radiomexicointernacional.imer.gob.mx\/wordpress\/?p=4160"},"modified":"2012-10-25T01:15:44","modified_gmt":"2012-10-25T06:15:44","slug":"la-gusana-ciega-es-para-ninos","status":"publish","type":"post","link":"https:\/\/www.imer.mx\/rmi\/la-gusana-ciega-es-para-ninos\/","title":{"rendered":"La Gusana Ciega es para ni\u00f1os"},"content":{"rendered":"<p style=\"text-align: justify\"><span style=\"color: #000000;font-family: arial, helvetica, sans-serif;font-size: 10pt\">Despu\u00e9s de m\u00e1s de 20 a\u00f1os de carrera dedicados al rock, La gusana ciega se propuso acercarse a los ni\u00f1os no s\u00f3lo a trav\u00e9s de la m\u00fasica sino de la literatura, y lo logr\u00f3.<\/span><\/p>\n<p style=\"text-align: justify\"><span style=\"color: #000000;font-family: arial, helvetica, sans-serif;font-size: 10pt\">Lu, integrante de esta agrupaci\u00f3n, decidi\u00f3 publicar con fines altruistas \u201cEl Puntito\u201d, un cuento infantil que escribi\u00f3 en su adolescencia, y que fue musicalizado por la banda.<\/span><\/p>\n<p style=\"text-align: justify\"><span style=\"color: #000000;font-family: arial, helvetica, sans-serif;font-size: 10pt\">Con este texto La gusana ciega se sum\u00f3 al programa \u201cLetras para volar\u201d, de la Fundaci\u00f3n de Hospitales Civiles de Guadalajara A.C., y a la campa\u00f1a \u201cLEER\u201d, del Consejo de la Comunicaci\u00f3n, para fomentar la lectura en zonas marginadas y ayudar a ni\u00f1os con insuficiencia renal y c\u00e1ncer.<\/span><\/p>\n<p style=\"text-align: justify\"><span style=\"color: #000000;font-family: arial, helvetica, sans-serif;font-size: 10pt\">\u201cEl Puntito\u201d tambi\u00e9n fue grabado por los integrantes del grupo para incluirse en el proyecto de audiolibros de educaci\u00f3n b\u00e1sica para ni\u00f1os d\u00e9biles visuales que es promovido por la Secretar\u00eda de Educaci\u00f3n P\u00fablica.<\/span><\/p>\n<p style=\"text-align: justify\"><span style=\"font-family: arial, helvetica, sans-serif;font-size: 10pt\"><span style=\"color: #000000\">La gusana ciega estuvo en la cabina de<\/span> <i><span style=\"color: red\">radiom\u00e9xicointernacional <\/span><\/i><span style=\"color: #000000\">y aqu\u00ed te presentamos la entrevista:<\/span><\/span><\/p>\n<p style=\"text-align: justify\">\n","protected":false},"excerpt":{"rendered":"<p>Despu\u00e9s de m\u00e1s de 20 a\u00f1os de carrera dedicados al rock, La gusana ciega se propuso acercarse a los ni\u00f1os no s\u00f3lo a trav\u00e9s de la m\u00fasica sino de la literatura, y lo logr\u00f3. Lu, integrante de esta agrupaci\u00f3n, decidi\u00f3 publicar con fines altruistas \u201cEl Puntito\u201d, un cuento infantil que escribi\u00f3 en su adolescencia, y&hellip;<\/p>\n","protected":false},"author":1,"featured_media":0,"comment_status":"closed","ping_status":"closed","sticky":false,"template":"","format":"audio","meta":{"wp_popup_display_lightbox":0,"wp_popup_suppress":"","wp_popup_trigger":"","wp_popup_trigger_amount":0,"wp_popup_disable_on_mobile":false,"footnotes":""},"categories":[3],"tags":[],"class_list":["post-4160","post","type-post","status-publish","format-audio","hentry","category-radiomexicointernacional","post_format-post-format-audio","category-3","description-off"],"_links":{"self":[{"href":"https:\/\/www.imer.mx\/rmi\/wp-json\/wp\/v2\/posts\/4160","targetHints":{"allow":["GET"]}}],"collection":[{"href":"https:\/\/www.imer.mx\/rmi\/wp-json\/wp\/v2\/posts"}],"about":[{"href":"https:\/\/www.imer.mx\/rmi\/wp-json\/wp\/v2\/types\/post"}],"author":[{"embeddable":true,"href":"https:\/\/www.imer.mx\/rmi\/wp-json\/wp\/v2\/users\/1"}],"replies":[{"embeddable":true,"href":"https:\/\/www.imer.mx\/rmi\/wp-json\/wp\/v2\/comments?post=4160"}],"version-history":[{"count":0,"href":"https:\/\/www.imer.mx\/rmi\/wp-json\/wp\/v2\/posts\/4160\/revisions"}],"wp:attachment":[{"href":"https:\/\/www.imer.mx\/rmi\/wp-json\/wp\/v2\/media?parent=4160"}],"wp:term":[{"taxonomy":"category","embeddable":true,"href":"https:\/\/www.imer.mx\/rmi\/wp-json\/wp\/v2\/categories?post=4160"},{"taxonomy":"post_tag","embeddable":true,"href":"https:\/\/www.imer.mx\/rmi\/wp-json\/wp\/v2\/tags?post=4160"}],"curies":[{"name":"wp","href":"https:\/\/api.w.org\/{rel}","templated":true}]}}