{"id":4145,"date":"2012-11-27T05:38:43","date_gmt":"2012-11-27T11:38:43","guid":{"rendered":"http:\/\/radiomexicointernacional.imer.gob.mx\/wordpress\/?p=4145"},"modified":"2012-11-27T05:38:43","modified_gmt":"2012-11-27T11:38:43","slug":"regresa-la-orquesta-sinfonica-de-xalapa-a-escenarios-capitalinos-bajo-la-direccion-de-lanfranco-marcelletti","status":"publish","type":"post","link":"https:\/\/www.imer.mx\/rmi\/regresa-la-orquesta-sinfonica-de-xalapa-a-escenarios-capitalinos-bajo-la-direccion-de-lanfranco-marcelletti\/","title":{"rendered":"Regresa la Orquesta Sinf\u00f3nica de Xalapa a escenarios capitalinos  bajo la direcci\u00f3n de Lanfranco Marcelletti"},"content":{"rendered":"<p style=\"text-align: justify\" align=\"center\"><span style=\"color: #000000;font-size: 10pt\"><span style=\"font-family: arial, helvetica, sans-serif;text-align: justify\"><img loading=\"lazy\" decoding=\"async\" style=\"margin: 5px;float: left\" alt=\"123\" src=\"http:\/\/radiomexicointernacional.imer.gob.mx\/wordpress\/wp-content\/uploads\/123.jpg\" width=\"160\" height=\"274\" \/>El pr\u00f3ximo jueves 29 de noviembre, la Orquesta Sinf\u00f3nica de Xalapa interpretar\u00e1\u00a0 el <em>Te Deum<\/em><\/span><span style=\"font-family: arial, helvetica, sans-serif;text-align: justify\"><span>\u00a0de Bruckner y <em>As\u00ed habl\u00f3 Zaratustra<\/em><\/span><em><span>\u00a0<\/span><\/em><\/span><span style=\"font-family: arial, helvetica, sans-serif;text-align: justify\">de Strauss en la Sala Netzahualc\u00f3yotl, acompa\u00f1ada por el coro de la Universidad Veracruzana, dirigido por Alfredo Dom\u00ednguez y por el coro Altus, dirigido por Josafat Garc\u00eda Melo. En el concierto participar\u00e1n como solista el bajo Alejandro L\u00f3pez y las voces de: Fernanda Castillo, soprano; Elba Mar\u00eda Flores Perfecto, contralto y Dante Alcal\u00e1, tenor.<\/span><\/span><\/p>\n<p style=\"text-align: justify\"><span style=\"font-size: 10pt\"><span style=\"color: #000000;font-family: arial, helvetica, sans-serif\">Despu\u00e9s de un a\u00f1o de no presentarse en escenarios de la ciudad de M\u00e9xico, la Orquesta Sinf\u00f3nica de Xalapa ofrecer\u00e1 un <\/span><span style=\"color: #000000\"><span style=\"font-family: arial, helvetica, sans-serif\">concierto en el que la espiritualidad ser\u00e1 el hilo conductor del programa integrado por la <\/span><i style=\"color: #000000;font-family: arial, helvetica, sans-serif;font-size: 10pt\">Obertura<\/i><i style=\"color: #000000;font-family: arial, helvetica, sans-serif;font-size: 10pt\">Paulus<\/i><span style=\"font-family: arial, helvetica, sans-serif\"> de Felix Mendelshon; el <\/span><i style=\"color: #000000;font-family: arial, helvetica, sans-serif;font-size: 10pt\">Te Deum<\/i><span style=\"font-family: arial, helvetica, sans-serif\"> de Anton Bruckner y <\/span><i style=\"color: #000000;font-family: arial, helvetica, sans-serif;font-size: 10pt\">As\u00ed Habl\u00f3 Zaratustra<\/i><span style=\"font-family: arial, helvetica, sans-serif\"> de Richard Strauss.<\/span><\/span><\/span><\/p>\n<p style=\"text-align: justify\"><span style=\"font-family: arial, helvetica, sans-serif;color: #000000;font-size: 10pt\"><span lang=\"ES-TRAD\">Lanfranco Marcelletti, <\/span><span lang=\"ES-TRAD\">director titular de la Orquesta Sinf\u00f3nica de Xalapa, \u00a0ha preparado a la orquesta m\u00e1s antigua del pa\u00eds para este gran concierto en el que participan el coro Altus y el coro de la Universidad Veracruzana, dirigidos respectivamente por Josafat Garc\u00eda Melo y por Alfredo Dom\u00ednguez adem\u00e1s del bajo Alejandro L\u00f3pez y las voces de: Fernanda Castillo, soprano; Elba Mar\u00eda Flores Perfecto, contralto y Dante Alcal\u00e1, tenor<b>.<\/b><\/span><\/span><\/p>\n<p style=\"text-align: justify\"><strong><span style=\"color: #000000;font-family: arial, helvetica, sans-serif;font-size: 10pt\">Entrevista con la Mtra. Elsileny Olivares\u00a0<\/span><\/strong><span style=\"font-family: arial, helvetica, sans-serif;color: #000000\">(<\/span><span style=\"color: #000000;font-family: arial, helvetica, sans-serif\">Directora de mercadotecnia de la Orquesta Sinf\u00f3nica de Xalapa)<\/span><span style=\"color: #000000;font-family: arial, helvetica, sans-serif;font-size: 10pt\">\u00a0<\/span><\/p>\n<p>&nbsp;<\/p>\n","protected":false},"excerpt":{"rendered":"<p>El pr\u00f3ximo jueves 29 de noviembre, la Orquesta Sinf\u00f3nica de Xalapa interpretar\u00e1\u00a0 el Te Deum\u00a0de Bruckner y As\u00ed habl\u00f3 Zaratustra\u00a0de Strauss en la Sala Netzahualc\u00f3yotl, acompa\u00f1ada por el coro de la Universidad Veracruzana, dirigido por Alfredo Dom\u00ednguez y por el coro Altus, dirigido por Josafat Garc\u00eda Melo. En el concierto participar\u00e1n como solista el bajo&hellip;<\/p>\n","protected":false},"author":1,"featured_media":0,"comment_status":"closed","ping_status":"closed","sticky":false,"template":"","format":"audio","meta":{"wp_popup_display_lightbox":0,"wp_popup_suppress":"","wp_popup_trigger":"","wp_popup_trigger_amount":0,"wp_popup_disable_on_mobile":false,"footnotes":""},"categories":[3],"tags":[],"class_list":["post-4145","post","type-post","status-publish","format-audio","hentry","category-radiomexicointernacional","post_format-post-format-audio","category-3","description-off"],"_links":{"self":[{"href":"https:\/\/www.imer.mx\/rmi\/wp-json\/wp\/v2\/posts\/4145","targetHints":{"allow":["GET"]}}],"collection":[{"href":"https:\/\/www.imer.mx\/rmi\/wp-json\/wp\/v2\/posts"}],"about":[{"href":"https:\/\/www.imer.mx\/rmi\/wp-json\/wp\/v2\/types\/post"}],"author":[{"embeddable":true,"href":"https:\/\/www.imer.mx\/rmi\/wp-json\/wp\/v2\/users\/1"}],"replies":[{"embeddable":true,"href":"https:\/\/www.imer.mx\/rmi\/wp-json\/wp\/v2\/comments?post=4145"}],"version-history":[{"count":0,"href":"https:\/\/www.imer.mx\/rmi\/wp-json\/wp\/v2\/posts\/4145\/revisions"}],"wp:attachment":[{"href":"https:\/\/www.imer.mx\/rmi\/wp-json\/wp\/v2\/media?parent=4145"}],"wp:term":[{"taxonomy":"category","embeddable":true,"href":"https:\/\/www.imer.mx\/rmi\/wp-json\/wp\/v2\/categories?post=4145"},{"taxonomy":"post_tag","embeddable":true,"href":"https:\/\/www.imer.mx\/rmi\/wp-json\/wp\/v2\/tags?post=4145"}],"curies":[{"name":"wp","href":"https:\/\/api.w.org\/{rel}","templated":true}]}}