{"id":4129,"date":"2013-01-05T00:53:57","date_gmt":"2013-01-05T06:53:57","guid":{"rendered":"http:\/\/radiomexicointernacional.imer.gob.mx\/wordpress\/?p=4129"},"modified":"2013-01-05T00:53:57","modified_gmt":"2013-01-05T06:53:57","slug":"victoria-schussheim-1944-2013","status":"publish","type":"post","link":"https:\/\/www.imer.mx\/rmi\/victoria-schussheim-1944-2013\/","title":{"rendered":"Victoria Schussheim 1944-2013"},"content":{"rendered":"<p><img loading=\"lazy\" decoding=\"async\" alt=\"fotos_bety_001\" src=\"http:\/\/radiomexicointernacional.imer.gob.mx\/wordpress\/wp-content\/uploads\/fotos_bety_001.jpg\" width=\"225\" height=\"188\" \/> El Instituto Mexicano de la Radio a trav\u00e9s de radiomexicointernacional lamenta el fallecimiento de una de sus colaboradoras m\u00e1s autenticas que ha tenido la Radio P\u00fablica y abraza a sus hijas, familiares y seres queridos. In Memoriam a Victoria Schussheim<\/p>\n","protected":false},"excerpt":{"rendered":"<p>El Instituto Mexicano de la Radio a trav\u00e9s de radiomexicointernacional lamenta el fallecimiento de una de sus colaboradoras m\u00e1s autenticas que ha tenido la Radio P\u00fablica y abraza a sus hijas, familiares y seres queridos. In Memoriam a Victoria Schussheim<\/p>\n","protected":false},"author":1,"featured_media":0,"comment_status":"closed","ping_status":"closed","sticky":false,"template":"","format":"audio","meta":{"wp_popup_display_lightbox":0,"wp_popup_suppress":"","wp_popup_trigger":"","wp_popup_trigger_amount":0,"wp_popup_disable_on_mobile":false,"footnotes":""},"categories":[3],"tags":[],"class_list":["post-4129","post","type-post","status-publish","format-audio","hentry","category-radiomexicointernacional","post_format-post-format-audio","category-3","description-off"],"_links":{"self":[{"href":"https:\/\/www.imer.mx\/rmi\/wp-json\/wp\/v2\/posts\/4129","targetHints":{"allow":["GET"]}}],"collection":[{"href":"https:\/\/www.imer.mx\/rmi\/wp-json\/wp\/v2\/posts"}],"about":[{"href":"https:\/\/www.imer.mx\/rmi\/wp-json\/wp\/v2\/types\/post"}],"author":[{"embeddable":true,"href":"https:\/\/www.imer.mx\/rmi\/wp-json\/wp\/v2\/users\/1"}],"replies":[{"embeddable":true,"href":"https:\/\/www.imer.mx\/rmi\/wp-json\/wp\/v2\/comments?post=4129"}],"version-history":[{"count":0,"href":"https:\/\/www.imer.mx\/rmi\/wp-json\/wp\/v2\/posts\/4129\/revisions"}],"wp:attachment":[{"href":"https:\/\/www.imer.mx\/rmi\/wp-json\/wp\/v2\/media?parent=4129"}],"wp:term":[{"taxonomy":"category","embeddable":true,"href":"https:\/\/www.imer.mx\/rmi\/wp-json\/wp\/v2\/categories?post=4129"},{"taxonomy":"post_tag","embeddable":true,"href":"https:\/\/www.imer.mx\/rmi\/wp-json\/wp\/v2\/tags?post=4129"}],"curies":[{"name":"wp","href":"https:\/\/api.w.org\/{rel}","templated":true}]}}