{"id":319,"date":"2011-07-15T00:17:15","date_gmt":"2011-07-15T05:17:15","guid":{"rendered":"http:\/\/radiomexicointernacional.imer.gob.mx\/wordpress\/premio-eduardo-lizalde-2\/"},"modified":"2011-07-15T00:17:15","modified_gmt":"2011-07-15T05:17:15","slug":"premio-eduardo-lizalde-2","status":"publish","type":"post","link":"https:\/\/www.imer.mx\/rmi\/premio-eduardo-lizalde-2\/","title":{"rendered":"Premio Alfonso Reyes Eduardo Lizalde"},"content":{"rendered":"<p>\u00a0<\/p>\n<p>El premio Alfonso Reyes 2011 es un premio mexicano que distingue aportaciones y trayectorias sobresalientes en el \u00e1mbito literario y de las humanidades.<\/p>\n<p>El Maestro Eduardo Lizalde tambi\u00e9n se ha desempe\u00f1ado como profesor de literatura espa\u00f1ola en la Facultad de Filosof\u00eda y Letras de la Universidad Nacional Aut\u00f3noma de M\u00e9xico, ha colaborado en revistas y diarios en M\u00e9xico y es miembro de la Academia Mexicana de la Lengua; entre sus obras se encuentran t\u00edtulos como \u201cLa mala hora\u201d, \u201cMemoria del tigre\u201d, \u201cAntolog\u00eda impersonal\u201d, \u201cOtros tigres\u201d, etc.<\/p>\n","protected":false},"excerpt":{"rendered":"<p><img loading=\"lazy\" decoding=\"async\" width=\"174\" height=\"230\" src=\"http:\/\/radiomexicointernacional.imer.gob.mx\/wordpress\/wp-content\/uploads\/Eduardo-Lizalde-5-Foto-Pascual-B-I.jpg\" alt=\"Eduardo-Lizalde-5-Foto-Pascual-B-I\" \/><strong><span style=\"font-size: 12pt\">El  Instituto Mexicano de la Radio y radiomexicointernacional felicitan al  Maestro Eduardo Lizalde, ganador del premio Alfonso Reyes 2011<\/span><em>\u00a0<\/em><\/strong><\/p>\n<p style=\"text-align: justify\">El d\u00eda 13 de julio se anunci\u00f3, por el jurado  del comit\u00e9 organizador, que el poeta, fil\u00f3sofo y m\u00fasico Eduardo Lizalde  es ganador de este premio en este a\u00f1o 2011 reconociendo su obra \u201cEl  tigre en la casa\u201d escrita en 1970.<\/p>\n<p style=\"text-align: justify\">El Instituto Mexicano de la Radio y su  emisora virtual Radio M\u00e9xico Internacional tienen el honor de reconocer y  felicitar a Eduardo Lizalde, quien diariamente colabora con el  Instituto con productos radiof\u00f3nicos como lo es Contrapunto, Memorias y  presencias y Anecdotario de la Revoluci\u00f3n Mexicana.<\/p>\n<p style=\"text-align: justify\">Escuchemos un texto de Eduardo Lizalde en su propia voz<\/p>\n<p><span class=\"onepixelout\"> <\/span><\/p>\n<p>{audio}http:\/\/www.imer.gob.mx\/phpwrappers\/podcast\/apitrck\/uploads\/106\/eduardo_lizalde.mp3{\/audio}<\/p>\n","protected":false},"author":1,"featured_media":317,"comment_status":"closed","ping_status":"closed","sticky":false,"template":"","format":"standard","meta":{"wp_popup_display_lightbox":0,"wp_popup_suppress":"","wp_popup_trigger":"","wp_popup_trigger_amount":0,"wp_popup_disable_on_mobile":false,"footnotes":""},"categories":[3],"tags":[],"class_list":["post-319","post","type-post","status-publish","format-standard","has-post-thumbnail","hentry","category-radiomexicointernacional","category-3","description-off"],"_links":{"self":[{"href":"https:\/\/www.imer.mx\/rmi\/wp-json\/wp\/v2\/posts\/319","targetHints":{"allow":["GET"]}}],"collection":[{"href":"https:\/\/www.imer.mx\/rmi\/wp-json\/wp\/v2\/posts"}],"about":[{"href":"https:\/\/www.imer.mx\/rmi\/wp-json\/wp\/v2\/types\/post"}],"author":[{"embeddable":true,"href":"https:\/\/www.imer.mx\/rmi\/wp-json\/wp\/v2\/users\/1"}],"replies":[{"embeddable":true,"href":"https:\/\/www.imer.mx\/rmi\/wp-json\/wp\/v2\/comments?post=319"}],"version-history":[{"count":0,"href":"https:\/\/www.imer.mx\/rmi\/wp-json\/wp\/v2\/posts\/319\/revisions"}],"wp:featuredmedia":[{"embeddable":true,"href":"https:\/\/www.imer.mx\/rmi\/wp-json\/wp\/v2\/media\/317"}],"wp:attachment":[{"href":"https:\/\/www.imer.mx\/rmi\/wp-json\/wp\/v2\/media?parent=319"}],"wp:term":[{"taxonomy":"category","embeddable":true,"href":"https:\/\/www.imer.mx\/rmi\/wp-json\/wp\/v2\/categories?post=319"},{"taxonomy":"post_tag","embeddable":true,"href":"https:\/\/www.imer.mx\/rmi\/wp-json\/wp\/v2\/tags?post=319"}],"curies":[{"name":"wp","href":"https:\/\/api.w.org\/{rel}","templated":true}]}}