{"id":293,"date":"2011-06-25T01:55:07","date_gmt":"2011-06-25T06:55:07","guid":{"rendered":"http:\/\/radiomexicointernacional.imer.gob.mx\/wordpress\/se-presento-el-libro-historia-minima-de-la-musica-en-occidente-de-raul-zambrano-publicado-por-el-colegio-de-mexico\/"},"modified":"2011-06-25T01:55:07","modified_gmt":"2011-06-25T06:55:07","slug":"se-presento-el-libro-historia-minima-de-la-musica-en-occidente-de-raul-zambrano-publicado-por-el-colegio-de-mexico","status":"publish","type":"post","link":"https:\/\/www.imer.mx\/rmi\/se-presento-el-libro-historia-minima-de-la-musica-en-occidente-de-raul-zambrano-publicado-por-el-colegio-de-mexico\/","title":{"rendered":"Presentaci\u00f3n del libro \u201cHistoria m\u00ednima de la m\u00fasica en Occidente\u201d de Ra\u00fal Zambrano"},"content":{"rendered":"<p style=\"line-height: 150%;padding-left: 180px\"><em>&#8220;La maravilla de la radio es esa capacidad\u00a0<\/em><em>de generar abstracci\u00f3n, no puede ser de otra manera, genera un universo sonoro que\u00a0<\/em><em>detona en cada uno una cosa diferente&#8221; \u00a0 \u00a0 \u00a0 \u00a0 \u00a0 \u00a0 \u00a0 \u00a0 \u00a0 \u00a0 \u00a0 \u00a0 \u00a0 \u00a0 \u00a0 \u00a0<\/em><\/p>\n<p style=\"line-height: 150%;text-align: right;padding-left: 120px\"><strong><em><\/em><\/strong><span style=\"font-weight: normal\"><strong>Ra\u00fal Zambrano<\/strong><\/span><\/p>\n<p style=\"text-align: justify;line-height: 150%\"><span style=\"line-height: 150%\" lang=\"ES\">El jueves 23 de junio fue presentado en el auditorio Alfonso Reyes de El Colegio de M\u00e9xico, el libro de Ra\u00fal Zambrano \u201cHistoria m\u00ednima de la m\u00fasica en Occidente\u201d, editado por el mismo Colegio.<\/span><\/p>\n<p style=\"text-align: justify;line-height: 150%\"><span style=\"line-height: 150%\" lang=\"ES\"> Zambrano es un brillante guitarrista, fundador del cuarteto de guitarras &#8220;Manuel M. Ponce&#8221;, investigador y colaborador del IMER. Participaron en esta presentaci\u00f3n el Doctor Javier Garc\u00edadiego, Presidente de El Colegio de M\u00e9xico; el Doctor Ricardo Miranda, music\u00f3logo; la Doctora Lourdes Turrent, fagotista e investigadora y el Doctor Andr\u00e9s Lira, historiador y moderador del evento. <\/span><\/p>\n<p style=\"text-align: justify;line-height: 150%\"><span style=\"line-height: 150%\" lang=\"ES\">Cabe destacar que esta obra tiene su contraparte radiof\u00f3nica en el programa \u201cElevaci\u00f3n y Fol\u00eda\u201d, realizado por el propio Zambrano y que se transmite a trav\u00e9s de nuestra emisora virtual. <\/span><\/p>\n<p style=\"text-align: justify;line-height: 150%\"><span style=\"line-height: 150%\" lang=\"ES\">Radio M\u00e9xico Internacional comparti\u00f3 el lanzamiento del libro y recogi\u00f3 algunas entrevistas.<\/span><\/p>\n<p>Entrevista con el Dr. Ricardo Miranda, music\u00f3logo.{audio}http:\/\/www.imer.gob.mx\/phpwrappers\/podcast\/apitrck\/uploads\/106\/entrevista_dr_ricardo_miranda.mp3{\/audio}<\/p>\n<p>Entrevista con el Doctor Javier Garc\u00edadiego, Presidente del Colegio de M\u00e9xico.<\/p>\n<p>{audio}http:\/\/www.imer.gob.mx\/phpwrappers\/podcast\/apitrck\/uploads\/106\/entrevista_dr_javier_garciadiego.mp3{\/audio}<\/p>\n<p>Entrevista con Ra\u00fal Zambrano, fundador del Cuarteto de Guitarras Manuel M. Ponce en 1994, director del mismo a partir del 2002 y autor del libro &#8220;Historia m\u00ednima de la m\u00fasica en occidente&#8221;<\/p>\n<p>{audio}http:\/\/www.imer.gob.mx\/phpwrappers\/podcast\/apitrck\/uploads\/106\/entrevista_mts_raul_zambrano.mp3{\/audio}<\/p>\n","protected":false},"excerpt":{"rendered":"<p>&#8220;La maravilla de la radio es esa capacidad\u00a0de generar abstracci\u00f3n, no puede ser de otra manera, genera un universo sonoro que\u00a0detona en cada uno una cosa diferente&#8221; \u00a0 \u00a0 \u00a0 \u00a0 \u00a0 \u00a0 \u00a0 \u00a0 \u00a0 \u00a0 \u00a0 \u00a0 \u00a0 \u00a0 \u00a0 \u00a0 Ra\u00fal Zambrano El jueves 23 de junio fue presentado en el auditorio&hellip;<\/p>\n","protected":false},"author":1,"featured_media":0,"comment_status":"closed","ping_status":"closed","sticky":false,"template":"","format":"standard","meta":{"wp_popup_display_lightbox":0,"wp_popup_suppress":"","wp_popup_trigger":"","wp_popup_trigger_amount":0,"wp_popup_disable_on_mobile":false,"footnotes":""},"categories":[3],"tags":[],"class_list":["post-293","post","type-post","status-publish","format-standard","hentry","category-radiomexicointernacional","category-3","description-off"],"_links":{"self":[{"href":"https:\/\/www.imer.mx\/rmi\/wp-json\/wp\/v2\/posts\/293","targetHints":{"allow":["GET"]}}],"collection":[{"href":"https:\/\/www.imer.mx\/rmi\/wp-json\/wp\/v2\/posts"}],"about":[{"href":"https:\/\/www.imer.mx\/rmi\/wp-json\/wp\/v2\/types\/post"}],"author":[{"embeddable":true,"href":"https:\/\/www.imer.mx\/rmi\/wp-json\/wp\/v2\/users\/1"}],"replies":[{"embeddable":true,"href":"https:\/\/www.imer.mx\/rmi\/wp-json\/wp\/v2\/comments?post=293"}],"version-history":[{"count":0,"href":"https:\/\/www.imer.mx\/rmi\/wp-json\/wp\/v2\/posts\/293\/revisions"}],"wp:attachment":[{"href":"https:\/\/www.imer.mx\/rmi\/wp-json\/wp\/v2\/media?parent=293"}],"wp:term":[{"taxonomy":"category","embeddable":true,"href":"https:\/\/www.imer.mx\/rmi\/wp-json\/wp\/v2\/categories?post=293"},{"taxonomy":"post_tag","embeddable":true,"href":"https:\/\/www.imer.mx\/rmi\/wp-json\/wp\/v2\/tags?post=293"}],"curies":[{"name":"wp","href":"https:\/\/api.w.org\/{rel}","templated":true}]}}