{"id":24751,"date":"2024-12-23T10:18:08","date_gmt":"2024-12-23T16:18:08","guid":{"rendered":"https:\/\/www.imer.mx\/rmi\/?p=24751"},"modified":"2024-12-23T10:18:10","modified_gmt":"2024-12-23T16:18:10","slug":"alexandra-gravas-exponiendo-la-cancion-mexicana","status":"publish","type":"post","link":"https:\/\/www.imer.mx\/rmi\/alexandra-gravas-exponiendo-la-cancion-mexicana\/","title":{"rendered":"Alexandra Gravas exponiendo la canci\u00f3n mexicana"},"content":{"rendered":"\n<p><strong>Alexandra Gravas<\/strong> es una cantante mezzosoprano, de origen Alem\u00e1n y con ra\u00edces griegas; es portadora de una exquisita voz que abarca un gran n\u00famero de estilos diferentes. En la emisi\u00f3n Cat\u00e1logo RMI tuvimos la oportunidad de hablar con ella acerca de su disco \u201cEl amor es vida\u201d, una producci\u00f3n que Alexandra realiz\u00f3 durante una larga estancia en M\u00e9xico en compa\u00f1\u00eda de Los Macorinos.<\/p>\n\n\n\n<p><\/p>\n\n\n\n<p>En la charla nos habl\u00f3 de la casualidad con la que conect\u00f3 con la m\u00fasica mexicana y de este chispazo que tuvo surgi\u00f3 la idea de crear este \u00e1lbum que hace un tributo a la canci\u00f3n mexicana y a varios artistas.<\/p>\n\n\n\n<figure class=\"wp-block-audio\"><audio controls src=\"https:\/\/www.imer.mx\/rmi\/wp-content\/uploads\/sites\/3\/2024\/12\/Catalogo-Alexandra-Gravas-RMI-051224.mp3\"><\/audio><\/figure>\n\n\n\n<p><\/p>\n","protected":false},"excerpt":{"rendered":"<p>Alexandra Gravas es una cantante mezzosoprano, de origen Alem\u00e1n y con ra\u00edces griegas; es portadora de una exquisita voz que abarca un gran n\u00famero de estilos diferentes.<\/p>\n","protected":false},"author":18,"featured_media":24752,"comment_status":"open","ping_status":"open","sticky":false,"template":"","format":"standard","meta":{"wp_popup_display_lightbox":0,"wp_popup_suppress":"","wp_popup_trigger":"","wp_popup_trigger_amount":0,"wp_popup_disable_on_mobile":false,"footnotes":""},"categories":[8],"tags":[529,530],"class_list":["post-24751","post","type-post","status-publish","format-standard","has-post-thumbnail","hentry","category-destacados","tag-alexandra-gravas","tag-macorinos","category-8","description-off"],"_links":{"self":[{"href":"https:\/\/www.imer.mx\/rmi\/wp-json\/wp\/v2\/posts\/24751","targetHints":{"allow":["GET"]}}],"collection":[{"href":"https:\/\/www.imer.mx\/rmi\/wp-json\/wp\/v2\/posts"}],"about":[{"href":"https:\/\/www.imer.mx\/rmi\/wp-json\/wp\/v2\/types\/post"}],"author":[{"embeddable":true,"href":"https:\/\/www.imer.mx\/rmi\/wp-json\/wp\/v2\/users\/18"}],"replies":[{"embeddable":true,"href":"https:\/\/www.imer.mx\/rmi\/wp-json\/wp\/v2\/comments?post=24751"}],"version-history":[{"count":0,"href":"https:\/\/www.imer.mx\/rmi\/wp-json\/wp\/v2\/posts\/24751\/revisions"}],"wp:featuredmedia":[{"embeddable":true,"href":"https:\/\/www.imer.mx\/rmi\/wp-json\/wp\/v2\/media\/24752"}],"wp:attachment":[{"href":"https:\/\/www.imer.mx\/rmi\/wp-json\/wp\/v2\/media?parent=24751"}],"wp:term":[{"taxonomy":"category","embeddable":true,"href":"https:\/\/www.imer.mx\/rmi\/wp-json\/wp\/v2\/categories?post=24751"},{"taxonomy":"post_tag","embeddable":true,"href":"https:\/\/www.imer.mx\/rmi\/wp-json\/wp\/v2\/tags?post=24751"}],"curies":[{"name":"wp","href":"https:\/\/api.w.org\/{rel}","templated":true}]}}