{"id":24076,"date":"2023-08-21T09:17:02","date_gmt":"2023-08-21T15:17:02","guid":{"rendered":"https:\/\/www.imer.mx\/rmi\/?p=24076"},"modified":"2023-08-21T10:32:35","modified_gmt":"2023-08-21T16:32:35","slug":"el-mundo-desde-otra-optica","status":"publish","type":"post","link":"https:\/\/www.imer.mx\/rmi\/el-mundo-desde-otra-optica\/","title":{"rendered":"El mundo desde otra \u00f3ptica"},"content":{"rendered":"\n<p><\/p>\n\n\n\n<p><strong>Charlas distancia, julio 2023<\/strong><\/p>\n\n\n\n<p><strong>Mauricio de la Vega | Desde barco en Noruega | 7 de julio<\/strong><\/p>\n\n\n<div class=\"wp-block-image\">\n<figure class=\"alignleft size-full is-resized\"><img loading=\"lazy\" decoding=\"async\" src=\"https:\/\/www.imer.mx\/rmi\/wp-content\/uploads\/sites\/3\/2023\/08\/WhatsApp-Image-2023-06-29-at-11.33.54-3.jpeg\" alt=\"\" class=\"wp-image-24077\" width=\"206\" height=\"275\" srcset=\"https:\/\/www.imer.mx\/rmi\/wp-content\/uploads\/sites\/3\/2023\/08\/WhatsApp-Image-2023-06-29-at-11.33.54-3.jpeg 768w, https:\/\/www.imer.mx\/rmi\/wp-content\/uploads\/sites\/3\/2023\/08\/WhatsApp-Image-2023-06-29-at-11.33.54-3-225x300.jpeg 225w\" sizes=\"auto, (max-width: 206px) 100vw, 206px\" \/><\/figure>\n<\/div>\n\n\n<p>Una charla in\u00e9dita, hicimos conexi\u00f3n en altamar con un crucero. De lunes a domingo, Mauricio est\u00e1 viajando por los siete mares, disfruta su trabajo en la naviera <strong>Holland<\/strong>, donde tiene casi cinco a\u00f1os laborando y esto lo ha llevado a conocer diferentes partes del mundo.<\/p>\n\n\n\n<p>Antes de su aventura maritima Mauricio trabajaba cerca de su familia y amigos, y conoci\u00f3 al amor de su vida, eso lo llev\u00f3 a iniciar a conocer el mundo y emprender el viaje por los oc\u00e9anos.<\/p>\n\n\n\n<p><em>&#8220;Nunca pens\u00e9 vivir tanto en un barco pero me ha abierto los ojos, me ha dado un gran significado y valora las relaciones interpersonales.&#8221;<\/em><\/p>\n\n\n\n<p>Comenz\u00f3 realizando eventos en ingl\u00e9s para el crucero. Despu\u00e9s consigui\u00f3 su trabajo so\u00f1ado continuar en estos cruceros, hacer marketing y ventas.<\/p>\n\n\n\n<p>La entrevista se hizo mientras pasaba por los<em><strong> fiordos noruegos<\/strong><\/em>, uno de los paisajes m\u00e1s bellos del mundo. Una gran postal.<\/p>\n\n\n\n<figure class=\"wp-block-audio\"><audio controls src=\"https:\/\/www.imer.mx\/rmi\/wp-content\/uploads\/sites\/3\/2023\/08\/CHARLAS-RITA-ABREU-MAURICIO-DE-LA-VEGA-05-JULIO-2023.mp3\"><\/audio><\/figure>\n\n\n\n<p><strong> Mariana Mejia | Nueva York<\/strong> <strong>|<\/strong> <strong>Julio 12<\/strong><\/p>\n\n\n<div class=\"wp-block-image\">\n<figure class=\"alignright size-full is-resized\"><img loading=\"lazy\" decoding=\"async\" src=\"https:\/\/www.imer.mx\/rmi\/wp-content\/uploads\/sites\/3\/2023\/08\/WhatsApp-Image-2023-07-06-at-09.51.53-2.jpeg\" alt=\"\" class=\"wp-image-24078\" width=\"219\" height=\"274\" srcset=\"https:\/\/www.imer.mx\/rmi\/wp-content\/uploads\/sites\/3\/2023\/08\/WhatsApp-Image-2023-07-06-at-09.51.53-2.jpeg 819w, https:\/\/www.imer.mx\/rmi\/wp-content\/uploads\/sites\/3\/2023\/08\/WhatsApp-Image-2023-07-06-at-09.51.53-2-240x300.jpeg 240w, https:\/\/www.imer.mx\/rmi\/wp-content\/uploads\/sites\/3\/2023\/08\/WhatsApp-Image-2023-07-06-at-09.51.53-2-768x960.jpeg 768w\" sizes=\"auto, (max-width: 219px) 100vw, 219px\" \/><\/figure>\n<\/div>\n\n\n<p>\u201cLas estaciones del a\u00f1o te dan una vibra diferente\u201d. Mariana vive en una zona del Bronx muy familiar, comenta que hay latinos muy establecidos y los cl\u00e1sicos norteamericanos.&nbsp;<\/p>\n\n\n\n<p>Mariana hizo una doctorado en audiolog\u00eda y actualmente trabaja con ni\u00f1os que tienen problemas auditivos. El o\u00eddo es parte esencial del humano coment\u00f3 Mariana, a pesar de los avences tecnol\u00f3gicos los aparatos a\u00fan no llegan a tener la fidelidad del o\u00eddo humano.<\/p>\n\n\n\n<p>En sus tiempos libres le gusta salir de todo el ajetreo de la ciudad y estar tambi\u00e9n en zonas tranquilas y tomar un respiro.<\/p>\n\n\n\n<figure class=\"wp-block-audio\"><audio controls src=\"https:\/\/www.imer.mx\/rmi\/wp-content\/uploads\/sites\/3\/2023\/08\/CHARLAS-RITA-ABREU-MARIANA-MEJIA-12-JULIO-23.mp3\"><\/audio><\/figure>\n\n\n\n<p><strong>Cynthia Mart\u00ednez | Amsterdam, Pa\u00edses Bajos | 26 de julio<\/strong><\/p>\n\n\n\n<p>La m\u00fasica siempre ha sido su pasi\u00f3n y su familia apoy\u00f3 a Cynthia Mart\u00ednez con esta decisi\u00f3n, ahora cumple su sue\u00f1o en <strong>Pa\u00edses Bajos<\/strong>. Cynthia comenz\u00f3 en el \u00e1mbito de la m\u00fasica en el 2009 e inici\u00f3 en el mundo del teatro cabaret y m\u00fasica gitana.<\/p>\n\n\n\n<p>A nivel educaci\u00f3n en Pa\u00edses Bajos nos comenta que el arte es parte de la vida de todos los ciudadanos, desde peque\u00f1os les dan instrumentos y ellos deciden si contin\u00faan o no.<\/p>\n\n\n<div class=\"wp-block-image\">\n<figure class=\"aligncenter size-full is-resized\"><img loading=\"lazy\" decoding=\"async\" src=\"https:\/\/www.imer.mx\/rmi\/wp-content\/uploads\/sites\/3\/2023\/08\/F10qJdcacAAS8SE-1.jpg\" alt=\"\" class=\"wp-image-24079\" width=\"380\" height=\"380\" srcset=\"https:\/\/www.imer.mx\/rmi\/wp-content\/uploads\/sites\/3\/2023\/08\/F10qJdcacAAS8SE-1.jpg 1023w, https:\/\/www.imer.mx\/rmi\/wp-content\/uploads\/sites\/3\/2023\/08\/F10qJdcacAAS8SE-1-300x300.jpg 300w, https:\/\/www.imer.mx\/rmi\/wp-content\/uploads\/sites\/3\/2023\/08\/F10qJdcacAAS8SE-1-150x150.jpg 150w, https:\/\/www.imer.mx\/rmi\/wp-content\/uploads\/sites\/3\/2023\/08\/F10qJdcacAAS8SE-1-768x769.jpg 768w, https:\/\/www.imer.mx\/rmi\/wp-content\/uploads\/sites\/3\/2023\/08\/F10qJdcacAAS8SE-1-560x560.jpg 560w\" sizes=\"auto, (max-width: 380px) 100vw, 380px\" \/><\/figure>\n<\/div>\n\n\n<p>Actualmente la reconocida<strong> Orquesta del Viento Florido<\/strong> est\u00e1 trabajando con Cynthia para un festival que realizaran en Amsterdam.<\/p>\n\n\n\n<p>Cynthia est\u00e1 relacionada con los Derechos Humanos y la desaparici\u00f3n de mujeres. A trav\u00e9s de la compa\u00f1\u00eda a <strong>Snowapple <\/strong>han hecho campa\u00f1a y misi\u00f3n de ayudar a los derechos humanos de las mujeres y las injusticias que existen en M\u00e9xico en esta cuesti\u00f3n.<\/p>\n\n\n\n<figure class=\"wp-block-audio\"><audio controls src=\"https:\/\/www.imer.mx\/rmi\/wp-content\/uploads\/sites\/3\/2023\/08\/Charlas-Rita-Abreu-Cynthia-Martinez-desde_Amsterdam_26-07-23.mp3\"><\/audio><\/figure>\n","protected":false},"excerpt":{"rendered":"<p>Las historias por el mundo no dejan de sorprendernos. Escucha este nuevo podcast de Charlas a distancia.<\/p>\n","protected":false},"author":18,"featured_media":24072,"comment_status":"open","ping_status":"open","sticky":false,"template":"","format":"standard","meta":{"wp_popup_display_lightbox":0,"wp_popup_suppress":"","wp_popup_trigger":"","wp_popup_trigger_amount":0,"wp_popup_disable_on_mobile":false,"footnotes":""},"categories":[8,3],"tags":[193,172,131],"class_list":["post-24076","post","type-post","status-publish","format-standard","has-post-thumbnail","hentry","category-destacados","category-radiomexicointernacional","tag-alemania","tag-charlas-a-distancia","tag-nueva-york","category-8","category-3","description-off"],"_links":{"self":[{"href":"https:\/\/www.imer.mx\/rmi\/wp-json\/wp\/v2\/posts\/24076","targetHints":{"allow":["GET"]}}],"collection":[{"href":"https:\/\/www.imer.mx\/rmi\/wp-json\/wp\/v2\/posts"}],"about":[{"href":"https:\/\/www.imer.mx\/rmi\/wp-json\/wp\/v2\/types\/post"}],"author":[{"embeddable":true,"href":"https:\/\/www.imer.mx\/rmi\/wp-json\/wp\/v2\/users\/18"}],"replies":[{"embeddable":true,"href":"https:\/\/www.imer.mx\/rmi\/wp-json\/wp\/v2\/comments?post=24076"}],"version-history":[{"count":0,"href":"https:\/\/www.imer.mx\/rmi\/wp-json\/wp\/v2\/posts\/24076\/revisions"}],"wp:featuredmedia":[{"embeddable":true,"href":"https:\/\/www.imer.mx\/rmi\/wp-json\/wp\/v2\/media\/24072"}],"wp:attachment":[{"href":"https:\/\/www.imer.mx\/rmi\/wp-json\/wp\/v2\/media?parent=24076"}],"wp:term":[{"taxonomy":"category","embeddable":true,"href":"https:\/\/www.imer.mx\/rmi\/wp-json\/wp\/v2\/categories?post=24076"},{"taxonomy":"post_tag","embeddable":true,"href":"https:\/\/www.imer.mx\/rmi\/wp-json\/wp\/v2\/tags?post=24076"}],"curies":[{"name":"wp","href":"https:\/\/api.w.org\/{rel}","templated":true}]}}