{"id":24027,"date":"2023-07-14T13:41:00","date_gmt":"2023-07-14T19:41:00","guid":{"rendered":"https:\/\/www.imer.mx\/rmi\/?p=24027"},"modified":"2023-07-14T13:41:09","modified_gmt":"2023-07-14T19:41:09","slug":"suenos-realizados-y-por-realizar","status":"publish","type":"post","link":"https:\/\/www.imer.mx\/rmi\/suenos-realizados-y-por-realizar\/","title":{"rendered":"Sue\u00f1os realizados y por realizar"},"content":{"rendered":"\n<h3 class=\"wp-block-heading\">Charlas a Distancia del mes de junio 2023<\/h3>\n\n\n\n<p><strong> Jorge Nu\u00f1ez | 7 de junio |<\/strong> <strong>Berl\u00edn, Alemania\u00a0<\/strong><\/p>\n\n\n\n<p>Chiapaneco fot\u00f3grafo y soci\u00f3logo. Jorge organiza las festividades del 16 de septiembre en Berl\u00edn. Creador del <em>Festival de Antojitos mexicanos<\/em>, dijo que en una edici\u00f3n montaron un ring de lucha libre y llevaron a\u00a0 embajadores de varios pa\u00edses y mariachis.<\/p>\n\n\n<div class=\"wp-block-image\">\n<figure class=\"aligncenter size-full is-resized\"><img loading=\"lazy\" decoding=\"async\" src=\"https:\/\/www.imer.mx\/rmi\/wp-content\/uploads\/sites\/3\/2023\/07\/junio-char2.jpg\" alt=\"\" class=\"wp-image-24030\" width=\"252\" height=\"167\" srcset=\"https:\/\/www.imer.mx\/rmi\/wp-content\/uploads\/sites\/3\/2023\/07\/junio-char2.jpg 1024w, https:\/\/www.imer.mx\/rmi\/wp-content\/uploads\/sites\/3\/2023\/07\/junio-char2-300x199.jpg 300w, https:\/\/www.imer.mx\/rmi\/wp-content\/uploads\/sites\/3\/2023\/07\/junio-char2-768x509.jpg 768w\" sizes=\"auto, (max-width: 252px) 100vw, 252px\" \/><\/figure>\n<\/div>\n\n\n<p>Su objetivo con el festival es que la gente conozca la verdadera diversidad gastron\u00f3mica y cultural de M\u00e9xico. Desde que lleg\u00f3 a Berl\u00edn, Jorge explic\u00f3 que se enamor\u00f3 por completo de la ciudad y su ambiente. \u201c<em>Eso fue lo que me manten\u00eda con fuerza. A pesar de que es una ciudad gris, no hay mucho sol.\u201d<\/em> <em>\u201cCuando llegu\u00e9 hab\u00eda muchos edificios con las marcas de la guerra, era triste visualmente.\u201d<\/em><\/p>\n\n\n\n<p>En el 98 entr\u00f3 a trabajar a un club muy importante que ten\u00eda muchas bandas de todo el mundo. Ah\u00ed\u00a0 Jorge conoci\u00f3 a varios artistas del mundo, Dj&#8217;s de renombre y se impact\u00f3 de estar con estos m\u00fasicos internacionales.<\/p>\n\n\n\n<figure class=\"wp-block-audio\"><audio controls src=\"https:\/\/www.imer.mx\/rmi\/wp-content\/uploads\/sites\/3\/2023\/07\/CHARLAS-RITA-ABREU-JORGE-NUNEZ-ALEMANIA-BERLIN-07-JUNIO-2023.mp3\"><\/audio><\/figure>\n\n\n\n<p><strong>Consuelo G\u00e1ndara |14 de junio | Viena, Austria <\/strong><\/p>\n\n\n\n<p>Consuelo desde el inici\u00f3 expres\u00f3 que la m\u00fasica era parte de su d\u00eda a d\u00eda, ya que su abuelo era trovador, y ten\u00eda esa influencia del bolero. Yo me recuerdo siempre dentro de la m\u00fasica, vengo de dos familias, el pap\u00e1 de mi madre ven\u00eda del bolero, era trovador, l\u00edrico.<\/p>\n\n\n<div class=\"wp-block-image\">\n<figure class=\"alignleft size-full is-resized\"><img loading=\"lazy\" decoding=\"async\" src=\"https:\/\/www.imer.mx\/rmi\/wp-content\/uploads\/sites\/3\/2023\/07\/junio-char6.jpg\" alt=\"\" class=\"wp-image-24031\" width=\"209\" height=\"218\" srcset=\"https:\/\/www.imer.mx\/rmi\/wp-content\/uploads\/sites\/3\/2023\/07\/junio-char6.jpg 980w, https:\/\/www.imer.mx\/rmi\/wp-content\/uploads\/sites\/3\/2023\/07\/junio-char6-287x300.jpg 287w, https:\/\/www.imer.mx\/rmi\/wp-content\/uploads\/sites\/3\/2023\/07\/junio-char6-768x802.jpg 768w\" sizes=\"auto, (max-width: 209px) 100vw, 209px\" \/><\/figure>\n<\/div>\n\n\n<p><em>\u201cSoy muy afecta al bolero, lo tengo en mis venas y luego lo cl\u00e1sico ya fue una formaci\u00f3n t\u00e9cnica y m\u00e1s formal\u201d<\/em>. Desde muy peque\u00f1a Consuelo se present\u00f3 en concursos tocando el piano y la flauta dulce, \u201c<em>jug\u00e1bamos a ser m\u00fasicos\u201d<\/em>, coment\u00f3.<\/p>\n\n\n\n<p>Su padre los encamin\u00f3 para instruirse en la m\u00fasica y les inculc\u00f3 a practicar a ella y a sus hermanos.\u00a0Cuando lleg\u00f3 a Viena fue algo muy sorprendente, recuerda que fue impactante y espectacular. <em>\u201cEsta ciudad es majestuosa\u201d<\/em>.\u00a0<\/p>\n\n\n\n<p>Sus edificaciones son majestuosas y es capital del arte, ballet, teatro, m\u00fasicos. Es una ciudad so\u00f1ada para los que se dedican a la m\u00fasica. Esto explic\u00f3.<\/p>\n\n\n\n<figure class=\"wp-block-audio\"><audio controls src=\"https:\/\/www.imer.mx\/rmi\/wp-content\/uploads\/sites\/3\/2023\/07\/CHARLAS-RITA-ABREU-CONSUELO-GANDARA-AUSTRIA-VIENA-14-JUNIO-2023.mp3\"><\/audio><\/figure>\n\n\n\n<p><strong>Mary Farquharson | 21 de junio | Inglesa viviendo en Ciudad de M\u00e9xico<\/strong><\/p>\n\n\n\n<p>Cuando lleg\u00f3 a M\u00e9xico fue como periodista cultural, despu\u00e9s se dio a la tarea de buscar m\u00fasicos de diferentes regiones y ayudarlos a exponersus grupos y proyectos y por ello cre\u00f3 un sello discogr\u00e1fico: Discos Corason.<\/p>\n\n\n\n<p>Mary dice que se siente m\u00e1s mexicana que inglesa <em>\u201cUna gitana profesional\u201d<\/em> y de hecho mencion\u00f3 esta frase muy cierta: \u201c<em>Que uno cambia dependiendo de donde te encuentres.\u201d<\/em><\/p>\n\n\n<div class=\"wp-block-image\">\n<figure class=\"aligncenter size-large is-resized\"><img loading=\"lazy\" decoding=\"async\" src=\"https:\/\/www.imer.mx\/rmi\/wp-content\/uploads\/sites\/3\/2023\/07\/junio-char-7-1024x731.jpg\" alt=\"\" class=\"wp-image-24032\" width=\"316\" height=\"226\" srcset=\"https:\/\/www.imer.mx\/rmi\/wp-content\/uploads\/sites\/3\/2023\/07\/junio-char-7-1024x731.jpg 1024w, https:\/\/www.imer.mx\/rmi\/wp-content\/uploads\/sites\/3\/2023\/07\/junio-char-7-300x214.jpg 300w, https:\/\/www.imer.mx\/rmi\/wp-content\/uploads\/sites\/3\/2023\/07\/junio-char-7-768x548.jpg 768w, https:\/\/www.imer.mx\/rmi\/wp-content\/uploads\/sites\/3\/2023\/07\/junio-char-7-1536x1096.jpg 1536w, https:\/\/www.imer.mx\/rmi\/wp-content\/uploads\/sites\/3\/2023\/07\/junio-char-7.jpg 1634w\" sizes=\"auto, (max-width: 316px) 100vw, 316px\" \/><\/figure>\n<\/div>\n\n\n<p>Vivi\u00f3 en <strong>Venezuela <\/strong>por un tiempo y siempre tuvo el objetivo de ir a M\u00e9xico, se sent\u00eda atra\u00edda por la melancol\u00eda de la cultura, la m\u00fasica y la literatura, le llamaba la atenci\u00f3n la parte de la cultura prehisp\u00e1nica y justo ha encontrado en esta parte de la melancol\u00eda mucha alegr\u00eda, algo indescriptible, expres\u00f3.<\/p>\n\n\n\n<p>Mary impuls\u00f3 en sus inicios a las <strong>Hermanas Garc\u00eda<\/strong>, chicas que son parte de nuestra programaci\u00f3n y que han tenido un \u00e9xito impresionante a nivel nacional y mundial.<\/p>\n\n\n\n<figure class=\"wp-block-audio\"><audio controls src=\"https:\/\/www.imer.mx\/rmi\/wp-content\/uploads\/sites\/3\/2023\/07\/CHARLAS-RITA-ABREU-MARY-FARQUIARSON-21-JUNIO-2023.mp3\"><\/audio><\/figure>\n\n\n\n<p><strong>Daniela Salazar | 28 de junio | Nueva York<\/strong><\/p>\n\n\n<div class=\"wp-block-image\">\n<figure class=\"alignright size-full is-resized\"><img loading=\"lazy\" decoding=\"async\" src=\"https:\/\/www.imer.mx\/rmi\/wp-content\/uploads\/sites\/3\/2023\/07\/junio-char3.jpg\" alt=\"\" class=\"wp-image-24033\" width=\"163\" height=\"217\" srcset=\"https:\/\/www.imer.mx\/rmi\/wp-content\/uploads\/sites\/3\/2023\/07\/junio-char3.jpg 768w, https:\/\/www.imer.mx\/rmi\/wp-content\/uploads\/sites\/3\/2023\/07\/junio-char3-225x300.jpg 225w\" sizes=\"auto, (max-width: 163px) 100vw, 163px\" \/><\/figure>\n<\/div>\n\n\n<p>Desde hace casi cinco a\u00f1os que reside en Nueva York, en M\u00e9xico trabajaba en la televisi\u00f3n pero ella mencion\u00f3 que siempre ha sido \u201cTeatrera de coraz\u00f3n\u201d. As\u00ed que antes de irse a Nueva York trabaj\u00f3 en una producci\u00f3n de teatro.<\/p>\n\n\n\n<p>Por cuestiones de Visa al inicio s\u00f3lo pudo colaborar y no trabajar como tal en teatro, sin embargo hizo v\u00ednculos con varias personas, y eso ciment\u00f3 su camino en la producci\u00f3n teatral en la gran manzana.<\/p>\n\n\n\n<figure class=\"wp-block-audio\"><audio controls src=\"https:\/\/www.imer.mx\/rmi\/wp-content\/uploads\/sites\/3\/2023\/07\/Charlas-RMI-con-Rita-Abreu_Diana-Salzar-desde-Nueva-York_28-06-23.mp3\"><\/audio><\/figure>\n","protected":false},"excerpt":{"rendered":"<p>La vida de los mexicanos en el extranjero expuesta en charlas a Distancia.<\/p>\n","protected":false},"author":18,"featured_media":24028,"comment_status":"open","ping_status":"open","sticky":false,"template":"","format":"standard","meta":{"wp_popup_display_lightbox":0,"wp_popup_suppress":"","wp_popup_trigger":"","wp_popup_trigger_amount":0,"wp_popup_disable_on_mobile":false,"footnotes":""},"categories":[8,3],"tags":[193,172,422,131,65],"class_list":["post-24027","post","type-post","status-publish","format-standard","has-post-thumbnail","hentry","category-destacados","category-radiomexicointernacional","tag-alemania","tag-charlas-a-distancia","tag-hermanas-garcia","tag-nueva-york","tag-teatro","category-8","category-3","description-off"],"_links":{"self":[{"href":"https:\/\/www.imer.mx\/rmi\/wp-json\/wp\/v2\/posts\/24027","targetHints":{"allow":["GET"]}}],"collection":[{"href":"https:\/\/www.imer.mx\/rmi\/wp-json\/wp\/v2\/posts"}],"about":[{"href":"https:\/\/www.imer.mx\/rmi\/wp-json\/wp\/v2\/types\/post"}],"author":[{"embeddable":true,"href":"https:\/\/www.imer.mx\/rmi\/wp-json\/wp\/v2\/users\/18"}],"replies":[{"embeddable":true,"href":"https:\/\/www.imer.mx\/rmi\/wp-json\/wp\/v2\/comments?post=24027"}],"version-history":[{"count":0,"href":"https:\/\/www.imer.mx\/rmi\/wp-json\/wp\/v2\/posts\/24027\/revisions"}],"wp:featuredmedia":[{"embeddable":true,"href":"https:\/\/www.imer.mx\/rmi\/wp-json\/wp\/v2\/media\/24028"}],"wp:attachment":[{"href":"https:\/\/www.imer.mx\/rmi\/wp-json\/wp\/v2\/media?parent=24027"}],"wp:term":[{"taxonomy":"category","embeddable":true,"href":"https:\/\/www.imer.mx\/rmi\/wp-json\/wp\/v2\/categories?post=24027"},{"taxonomy":"post_tag","embeddable":true,"href":"https:\/\/www.imer.mx\/rmi\/wp-json\/wp\/v2\/tags?post=24027"}],"curies":[{"name":"wp","href":"https:\/\/api.w.org\/{rel}","templated":true}]}}