{"id":24014,"date":"2023-07-13T18:32:07","date_gmt":"2023-07-14T00:32:07","guid":{"rendered":"https:\/\/www.imer.mx\/rmi\/?p=24014"},"modified":"2023-07-13T18:32:13","modified_gmt":"2023-07-14T00:32:13","slug":"sexto-aniversario-de-musas-sonideras","status":"publish","type":"post","link":"https:\/\/www.imer.mx\/rmi\/sexto-aniversario-de-musas-sonideras\/","title":{"rendered":"Sexto aniversario de Musas Sonideras"},"content":{"rendered":"\n<p><strong>Por: Rita Abreu<\/strong><\/p>\n\n\n<div class=\"wp-block-image\">\n<figure class=\"alignright size-large is-resized\"><img loading=\"lazy\" decoding=\"async\" src=\"https:\/\/www.imer.mx\/rmi\/wp-content\/uploads\/sites\/3\/2023\/07\/WhatsApp-Image-2023-07-13-at-15.19.02-768x1024.jpeg\" alt=\"\" class=\"wp-image-24021\" width=\"189\" height=\"252\" srcset=\"https:\/\/www.imer.mx\/rmi\/wp-content\/uploads\/sites\/3\/2023\/07\/WhatsApp-Image-2023-07-13-at-15.19.02-768x1024.jpeg 768w, https:\/\/www.imer.mx\/rmi\/wp-content\/uploads\/sites\/3\/2023\/07\/WhatsApp-Image-2023-07-13-at-15.19.02-225x300.jpeg 225w, https:\/\/www.imer.mx\/rmi\/wp-content\/uploads\/sites\/3\/2023\/07\/WhatsApp-Image-2023-07-13-at-15.19.02-1152x1536.jpeg 1152w, https:\/\/www.imer.mx\/rmi\/wp-content\/uploads\/sites\/3\/2023\/07\/WhatsApp-Image-2023-07-13-at-15.19.02.jpeg 1200w\" sizes=\"auto, (max-width: 189px) 100vw, 189px\" \/><\/figure>\n<\/div>\n\n\n<p><strong>Musas Sonideras<\/strong> celebra seis a\u00f1os de haberse conformado como una gran <strong>\u201ccolectiva\u201d <\/strong>que muestra el trabajo de las mujeres en este movimiento cultural en el que se han insertando en la curadur\u00eda de m\u00fasica, y -no s\u00f3lo cumbia- investigaci\u00f3n, rescate, difusi\u00f3n de acervos nacionales o internacionales, principalmente de <strong>Colombia<\/strong>; y, en el particular estilo de intervenir las canciones con saludos, frases que animan el baile e incluso temas que hacen pensar. As\u00ed lo explic\u00f3 <strong>Layla S\u00e1nchez Kuri,<\/strong> representante de las Musas y estudiosa de este fen\u00f3meno que aparece en los barrios.<\/p>\n\n\n\n<p><strong>Los sonideros <\/strong>surgen como expresi\u00f3n popular urbana: un equipo de personas instala bocinas, tornamesas y dem\u00e1s enseres, generalmente en la calle, donde se arma el baile. Al paso del tiempo las mujeres van entrando a escena y le agregan otros elementos.<\/p>\n\n\n\n<p>En este podcast, la doctora en Estudios Latinoamericanos y Comunic\u00f3loga S\u00e1nchez Kuri platica sobre el origen del movimiento con <strong><em>\u201cLa Socia\u201d<\/em><\/strong>, quien gustaba de sacar la consola al patio de la vecindad <strong><em>\u201cLa Casa Blanca\u201d <\/em><\/strong>para compartirla con los vecinos mientras hac\u00edan faenas dom\u00e9sticas. Nos describe c\u00f3mo funcionan<em><strong> \u201clas dinast\u00edas\u201d<\/strong><\/em>, y c\u00f3mo han llegado a otros escenarios como centros culturales o museos. Existe la intenci\u00f3n de que esta expresi\u00f3n sea reconocida como Patrimonio Cultural Intangible.<\/p>\n\n\n<div class=\"wp-block-image\">\n<figure class=\"aligncenter size-full is-resized\"><img loading=\"lazy\" decoding=\"async\" src=\"https:\/\/www.imer.mx\/rmi\/wp-content\/uploads\/sites\/3\/2023\/07\/marisol-mendoza.jpg\" alt=\"\" class=\"wp-image-24023\" width=\"601\" height=\"400\" srcset=\"https:\/\/www.imer.mx\/rmi\/wp-content\/uploads\/sites\/3\/2023\/07\/marisol-mendoza.jpg 800w, https:\/\/www.imer.mx\/rmi\/wp-content\/uploads\/sites\/3\/2023\/07\/marisol-mendoza-300x200.jpg 300w, https:\/\/www.imer.mx\/rmi\/wp-content\/uploads\/sites\/3\/2023\/07\/marisol-mendoza-768x512.jpg 768w\" sizes=\"auto, (max-width: 601px) 100vw, 601px\" \/><\/figure>\n<\/div>\n\n\n<p>El sexto aniversario es una muestra de resistencia y orgullo, una gran fiesta de muchas horas, en el sal\u00f3n <strong>Los \u00c1ngeles<\/strong> de la Ciudad de M\u00e9xico, sitio emblem\u00e1tico enclavado en otro barrio bravo y muy querido, que tomar\u00e1n por su cuenta m\u00e1s de treinta sonideras. Una de las frases de la Musa Mayor, Marisol Mendoza, que sustenta este gran trabajo de mujeres en la m\u00fasica, abogadas, periodistas y m\u00e1s, es: <em>\u201cHasta que la sororidad se haga costumbre\u201d<\/em>.<\/p>\n\n\n\n<p>Que sea as\u00ed y que siempre haya motivos de festejar y bailar.<\/p>\n\n\n\n<p>\u00a1Felicidades por este aniversario y que sigan abriendo caminos! No te pierdas esta conversaci\u00f3n.<\/p>\n\n\n\n<figure class=\"wp-block-audio\"><audio controls src=\"https:\/\/www.imer.mx\/rmi\/wp-content\/uploads\/sites\/3\/2023\/07\/editadaCHARLAS-RITA-ABREU-MUSAS-SONIDERAS-13-JULIO-2023.mp3\"><\/audio><\/figure>\n","protected":false},"excerpt":{"rendered":"<p>Musas Sonideras celebra seis a\u00f1os de haberse conformado como una gran \u201ccolectiva\u201d que muestra el trabajo de las mujeres en este movimiento cultural.<\/p>\n","protected":false},"author":18,"featured_media":24015,"comment_status":"open","ping_status":"open","sticky":false,"template":"","format":"standard","meta":{"wp_popup_display_lightbox":0,"wp_popup_suppress":"","wp_popup_trigger":"","wp_popup_trigger_amount":0,"wp_popup_disable_on_mobile":false,"footnotes":""},"categories":[8,9],"tags":[420,417,418,419,421],"class_list":["post-24014","post","type-post","status-publish","format-standard","has-post-thumbnail","hentry","category-destacados","category-entrevistas","tag-expresion-cultural","tag-musas-sonideras","tag-sexto-aniversario","tag-sonideros","tag-tornamesas","category-8","category-9","description-off"],"_links":{"self":[{"href":"https:\/\/www.imer.mx\/rmi\/wp-json\/wp\/v2\/posts\/24014","targetHints":{"allow":["GET"]}}],"collection":[{"href":"https:\/\/www.imer.mx\/rmi\/wp-json\/wp\/v2\/posts"}],"about":[{"href":"https:\/\/www.imer.mx\/rmi\/wp-json\/wp\/v2\/types\/post"}],"author":[{"embeddable":true,"href":"https:\/\/www.imer.mx\/rmi\/wp-json\/wp\/v2\/users\/18"}],"replies":[{"embeddable":true,"href":"https:\/\/www.imer.mx\/rmi\/wp-json\/wp\/v2\/comments?post=24014"}],"version-history":[{"count":0,"href":"https:\/\/www.imer.mx\/rmi\/wp-json\/wp\/v2\/posts\/24014\/revisions"}],"wp:featuredmedia":[{"embeddable":true,"href":"https:\/\/www.imer.mx\/rmi\/wp-json\/wp\/v2\/media\/24015"}],"wp:attachment":[{"href":"https:\/\/www.imer.mx\/rmi\/wp-json\/wp\/v2\/media?parent=24014"}],"wp:term":[{"taxonomy":"category","embeddable":true,"href":"https:\/\/www.imer.mx\/rmi\/wp-json\/wp\/v2\/categories?post=24014"},{"taxonomy":"post_tag","embeddable":true,"href":"https:\/\/www.imer.mx\/rmi\/wp-json\/wp\/v2\/tags?post=24014"}],"curies":[{"name":"wp","href":"https:\/\/api.w.org\/{rel}","templated":true}]}}