{"id":23756,"date":"2023-03-28T10:14:33","date_gmt":"2023-03-28T16:14:33","guid":{"rendered":"https:\/\/www.imer.mx\/rmi\/?p=23756"},"modified":"2023-03-28T10:14:39","modified_gmt":"2023-03-28T16:14:39","slug":"dando-vueltas-por-el-mundo","status":"publish","type":"post","link":"https:\/\/www.imer.mx\/rmi\/dando-vueltas-por-el-mundo\/","title":{"rendered":"Dando vueltas por el mundo"},"content":{"rendered":"\n<h3 class=\"wp-block-heading\">Charlas a Distancia, febrero 2023<\/h3>\n\n\n\n<p><strong>Joseph Redsure | Br\u00faselas, B\u00e9lgica | 1 de febrero 2023<\/strong><\/p>\n\n\n\n<div class=\"wp-block-image\"><figure class=\"alignright size-large is-resized\"><img loading=\"lazy\" decoding=\"async\" src=\"https:\/\/www.imer.mx\/rmi\/wp-content\/uploads\/sites\/3\/2023\/03\/joshua1-1024x1024.jpg\" alt=\"\" class=\"wp-image-23753\" width=\"282\" height=\"282\" srcset=\"https:\/\/www.imer.mx\/rmi\/wp-content\/uploads\/sites\/3\/2023\/03\/joshua1-1024x1024.jpg 1024w, https:\/\/www.imer.mx\/rmi\/wp-content\/uploads\/sites\/3\/2023\/03\/joshua1-300x300.jpg 300w, https:\/\/www.imer.mx\/rmi\/wp-content\/uploads\/sites\/3\/2023\/03\/joshua1-150x150.jpg 150w, https:\/\/www.imer.mx\/rmi\/wp-content\/uploads\/sites\/3\/2023\/03\/joshua1-768x768.jpg 768w, https:\/\/www.imer.mx\/rmi\/wp-content\/uploads\/sites\/3\/2023\/03\/joshua1-560x560.jpg 560w, https:\/\/www.imer.mx\/rmi\/wp-content\/uploads\/sites\/3\/2023\/03\/joshua1.jpg 1080w\" sizes=\"auto, (max-width: 282px) 100vw, 282px\" \/><\/figure><\/div>\n\n\n\n<p>Decidi\u00f3 entrar al \u00e1mbito de la moda porque es algo que est\u00e1 en nuestro d\u00eda a d\u00eda. La<strong> <\/strong>Sustentabilidad es parte de su filosof\u00eda, cre\u00f3 una tienda de ropa hecha por artesanos que tienen como materia prima la corteza del nopal.&nbsp; La Tienda online, trata de fabricar con el menor impacto posible para el ambiente.<\/p>\n\n\n\n<p>Es pr\u00e1ctico, minimalista y reutilizable, es parte de su visi\u00f3n y la marca lleva el nombre de: <strong>Artigiano Fashion&nbsp;<\/strong><\/p>\n\n\n\n<p>Lo que nos cont\u00f3 sobre su lugar de residencia: Br\u00faselas, una ciudad llena de contrastes, lo que m\u00e1s le gusta de la ciudad es que es un lugar muy internacional. Al haber muchas organizaciones mundiales, \u00e9l tiene amigos de cada rinc\u00f3n del mundo.<\/p>\n\n\n\n<p>Lo malo, as\u00ed como es muy internacional, hay mucha pobreza. Ha notado en el metro a gente de escasos recursos. Para Joseph es una contradicci\u00f3n que exista tanta riqueza y a la vez se note la escasez y pobreza. Coment\u00f3 que es una ciudad peque\u00f1a y puedes cruzarla toda en poco m\u00e1s de media hora en tranv\u00eda.&nbsp;<\/p>\n\n\n\n<figure class=\"wp-block-audio\"><audio controls src=\"https:\/\/www.imer.mx\/rmi\/wp-content\/uploads\/sites\/3\/2023\/03\/CHARLAS-RITA-ABREU-JOSEPH-REDSURE-01-FEBRERO-2023.mp3\"><\/audio><figcaption>Charla con Joseph Redsure<\/figcaption><\/figure>\n\n\n\n<div class=\"wp-block-image\"><figure class=\"alignleft size-full is-resized\"><img loading=\"lazy\" decoding=\"async\" src=\"https:\/\/www.imer.mx\/rmi\/wp-content\/uploads\/sites\/3\/2023\/03\/yesmith1.jpg\" alt=\"\" class=\"wp-image-23747\" width=\"162\" height=\"216\" srcset=\"https:\/\/www.imer.mx\/rmi\/wp-content\/uploads\/sites\/3\/2023\/03\/yesmith1.jpg 768w, https:\/\/www.imer.mx\/rmi\/wp-content\/uploads\/sites\/3\/2023\/03\/yesmith1-225x300.jpg 225w\" sizes=\"auto, (max-width: 162px) 100vw, 162px\" \/><\/figure><\/div>\n\n\n\n<p><strong>Yesmith S\u00e1nchez | Helsinki, Finlandia | 8 de febrero 2023<\/strong><\/p>\n\n\n\n<p>El que ella se encuentre actualmente en Helsinki se debe a que su esposo es finlandes, a quien conoci\u00f3 en la India. Yesmith es originaria de Quer\u00e9taro y estudi\u00f3 la licenciatura en administraci\u00f3n. Tuvimos una peque\u00f1a intervenci\u00f3n de la hija de Yesmith, Luna, quien habla 3 idiomas incluyendo el espa\u00f1ol adem\u00e1s del finlandes y el sueco.<\/p>\n\n\n\n<p><\/p>\n\n\n\n<figure class=\"wp-block-audio\"><audio controls src=\"https:\/\/www.imer.mx\/rmi\/wp-content\/uploads\/sites\/3\/2023\/03\/CHARLAS-RITA-ABREU-YESMITH-SANCHEZ-FINLANDIA-08-FEBRERO-2023.mp3\"><\/audio><figcaption>Charla con Yesmith S\u00e1nchez<\/figcaption><\/figure>\n\n\n\n<p><strong>M\u00f3nica S\u00e1nchez | Toledo, Espa\u00f1a | 15 de febrero<\/strong><\/p>\n\n\n\n<div class=\"wp-block-image\"><figure class=\"alignright size-full is-resized\"><img loading=\"lazy\" decoding=\"async\" src=\"https:\/\/www.imer.mx\/rmi\/wp-content\/uploads\/sites\/3\/2023\/03\/Monica-sanchez.jpg\" alt=\"\" class=\"wp-image-23748\" width=\"271\" height=\"203\" srcset=\"https:\/\/www.imer.mx\/rmi\/wp-content\/uploads\/sites\/3\/2023\/03\/Monica-sanchez.jpg 1024w, https:\/\/www.imer.mx\/rmi\/wp-content\/uploads\/sites\/3\/2023\/03\/Monica-sanchez-300x225.jpg 300w, https:\/\/www.imer.mx\/rmi\/wp-content\/uploads\/sites\/3\/2023\/03\/Monica-sanchez-768x577.jpg 768w\" sizes=\"auto, (max-width: 271px) 100vw, 271px\" \/><\/figure><\/div>\n\n\n\n<p><em><strong>\u201cTodo pasa por algo\u201d<\/strong><\/em>, esta frase sali\u00f3 a colaci\u00f3n por la canci\u00f3n de Frank Sinatra.<\/p>\n\n\n\n<p>\u201cEstar viajando me ha dejado una impronta\u201d, coment\u00f3. M\u00f3nica parece que en su ADN tiene la necesidad de moverse y viajar. Ha vivido en tantos lugares, ha conocido a tanta gente y ahora reside en Toledo. Ten\u00eda claro que quer\u00eda conocer gente de fuera y su objetivo era Espa\u00f1a.<\/p>\n\n\n\n<p>Es m\u00e1gico para ella vivir all\u00e1 as\u00ed lo expres\u00f3.<\/p>\n\n\n\n<figure class=\"wp-block-audio\"><audio controls src=\"https:\/\/www.imer.mx\/rmi\/wp-content\/uploads\/sites\/3\/2023\/03\/CHARLAS-RITA-ABREU-MONICA-SANCHEZ-RUBIO-MADRID-ESPANA-15-FEBRERO-2023.mp3\"><\/audio><figcaption>Charla con M\u00f3nica S\u00e1nchez<\/figcaption><\/figure>\n\n\n\n<p><strong>Izel Marez | Doha, Qatar | 22 de febrero<\/strong><\/p>\n\n\n\n<p>16 a\u00f1os en Qatar, originar\u00eda de Mazatl\u00e1n. Izel record\u00f3 el malec\u00f3n, parte importante de su vida. En todas las ciudades que ha vivido la caracter\u00edstica principal es que tienen mar y costas.\u00a0<\/p>\n\n\n\n<p>Las playas de M\u00e9xico nada tienen que ver con las de DOHA, no hay oleaje y son un poco lodosas, parecen m\u00e1s un lago. No son playas bonitas porque la arena es muy oscura.<\/p>\n\n\n\n<div class=\"wp-block-image\"><figure class=\"aligncenter size-full is-resized\"><img loading=\"lazy\" decoding=\"async\" src=\"https:\/\/www.imer.mx\/rmi\/wp-content\/uploads\/sites\/3\/2023\/03\/IZEL2.jpg\" alt=\"\" class=\"wp-image-23751\" width=\"291\" height=\"218\" srcset=\"https:\/\/www.imer.mx\/rmi\/wp-content\/uploads\/sites\/3\/2023\/03\/IZEL2.jpg 1024w, https:\/\/www.imer.mx\/rmi\/wp-content\/uploads\/sites\/3\/2023\/03\/IZEL2-300x225.jpg 300w, https:\/\/www.imer.mx\/rmi\/wp-content\/uploads\/sites\/3\/2023\/03\/IZEL2-768x576.jpg 768w\" sizes=\"auto, (max-width: 291px) 100vw, 291px\" \/><\/figure><\/div>\n\n\n\n<p>Coment\u00f3 que es una ciudad peque\u00f1a, hay una zona de rascacielos, pero al final no es tan moderna como parece. La vida es buena, tranquila, un lugar muy seguro, puedes salir a cualquier hora y no pasa nada. Tienen un tocadiscos, el cual le da un poco de nostalgia y dice, se escuchan mejor.<\/p>\n\n\n\n<p>\u00bfLa Valentina? \u00a1no!, esa no es la salsa buena dijo Izel, la buena es la salsa <strong>guacamaya<\/strong>, eso es lo que se consume en Mazatl\u00e1n. Afortunadamente en Doha puede conseguir maseca, chiles chipotles, algunas cosillas y puede hacer tacos.<\/p>\n\n\n\n<figure class=\"wp-block-audio\"><audio controls src=\"https:\/\/www.imer.mx\/rmi\/wp-content\/uploads\/sites\/3\/2023\/03\/CHARLAS-RITA-ABREU-IZEL-MAREZ-QATAR-22-FEBRERO-2023.mp3\"><\/audio><figcaption>Charla con Izel Marez<\/figcaption><\/figure>\n","protected":false},"excerpt":{"rendered":"<p>\u00a1Ya son casi tres a\u00f1os de este programa y seguimos conociendo m\u00e1s mexicanos alrededor del globo!<\/p>\n","protected":false},"author":18,"featured_media":23757,"comment_status":"open","ping_status":"open","sticky":false,"template":"","format":"standard","meta":{"wp_popup_display_lightbox":0,"wp_popup_suppress":"","wp_popup_trigger":"","wp_popup_trigger_amount":0,"wp_popup_disable_on_mobile":false,"footnotes":""},"categories":[8,43],"tags":[382,172,381],"class_list":["post-23756","post","type-post","status-publish","format-standard","has-post-thumbnail","hentry","category-destacados","category-temas-de-mexico","tag-bruselas","tag-charlas-a-distancia","tag-doha","category-8","category-43","description-off"],"_links":{"self":[{"href":"https:\/\/www.imer.mx\/rmi\/wp-json\/wp\/v2\/posts\/23756","targetHints":{"allow":["GET"]}}],"collection":[{"href":"https:\/\/www.imer.mx\/rmi\/wp-json\/wp\/v2\/posts"}],"about":[{"href":"https:\/\/www.imer.mx\/rmi\/wp-json\/wp\/v2\/types\/post"}],"author":[{"embeddable":true,"href":"https:\/\/www.imer.mx\/rmi\/wp-json\/wp\/v2\/users\/18"}],"replies":[{"embeddable":true,"href":"https:\/\/www.imer.mx\/rmi\/wp-json\/wp\/v2\/comments?post=23756"}],"version-history":[{"count":0,"href":"https:\/\/www.imer.mx\/rmi\/wp-json\/wp\/v2\/posts\/23756\/revisions"}],"wp:featuredmedia":[{"embeddable":true,"href":"https:\/\/www.imer.mx\/rmi\/wp-json\/wp\/v2\/media\/23757"}],"wp:attachment":[{"href":"https:\/\/www.imer.mx\/rmi\/wp-json\/wp\/v2\/media?parent=23756"}],"wp:term":[{"taxonomy":"category","embeddable":true,"href":"https:\/\/www.imer.mx\/rmi\/wp-json\/wp\/v2\/categories?post=23756"},{"taxonomy":"post_tag","embeddable":true,"href":"https:\/\/www.imer.mx\/rmi\/wp-json\/wp\/v2\/tags?post=23756"}],"curies":[{"name":"wp","href":"https:\/\/api.w.org\/{rel}","templated":true}]}}